{"id":17744,"date":"2025-05-12T11:23:00","date_gmt":"2025-05-12T09:23:00","guid":{"rendered":"https:\/\/www.portobellocapital.es\/?p=17744"},"modified":"2025-05-14T11:24:42","modified_gmt":"2025-05-14T09:24:42","slug":"ceapi-and-portobello-challenges-of-the-family-business","status":"publish","type":"post","link":"https:\/\/www.portobellocapital.es\/en\/ceapi-and-portobello-challenges-of-the-family-business\/","title":{"rendered":"CEAPI and Portobello: Challenges of the Family Business"},"content":{"rendered":"<p>This week, the business breakfast \u201cMajor Decisions in Family Businesses: Who Will Join Me on the Journey?\u201d took place \u2014 an event driven by CEAPI, Consejo Empresarial Alianza por Iberoam\u00e9rica and Portobello Capital.<\/p>\n<p>An inspiring conversation featuring leading voices from the business world, including:<\/p>\n<p>N\u00faria Vilanova Giralt, President of CEAPI<br \/>\nJuan Luis Ram\u00edrez Belaustegui and Inigo Sanchez-Asiain, Founding Partners of Portobello Capital<br \/>\nManuel Bermejo S\u00e1nchez, President of TFAB &#8211; The Family Advisory Board<br \/>\nNicol\u00e1s Luca de Tena, President of NextChance Invest<\/p>\n<p>Thank you to all the attendees for your participation and for enriching the dialogue with your insights and visions for the future of family-owned businesses.<\/p>\n<p><strong><a href=\"https:\/\/www.linkedin.com\/feed\/update\/urn:li:activity:7328345547570827264\">LinkedIn Portobello<\/a><\/strong><\/p>\n","protected":false},"excerpt":{"rendered":"This week, the business breakfast \u201cMajor Decisions in Family Businesses: Who Will Join Me on the Journey?\u201d took place \u2014 an event driven by CEAPI, Consejo Empresarial Alianza por Iberoam\u00e9rica and Portobello Capital. An inspiring conversation featuring leading voices from the business world, including: N\u00faria Vilanova Giralt, President of CEAPI Juan Luis Ram\u00edrez Belaustegui and&#8230; <a class=\"view-article\" href=\"https:\/\/www.portobellocapital.es\/en\/ceapi-and-portobello-challenges-of-the-family-business\/\">View Article<\/a>","protected":false},"author":3,"featured_media":0,"comment_status":"closed","ping_status":"closed","sticky":false,"template":"","format":"standard","meta":{"_acf_changed":false,"footnotes":""},"categories":[118],"tags":[],"acf":[],"yoast_head":"<!-- This site is optimized with the Yoast SEO plugin v22.2 - https:\/\/yoast.com\/wordpress\/plugins\/seo\/ -->\n<title>CEAPI and Portobello: Challenges of the Family Business &#8212; Portobello<\/title>\n<meta name=\"robots\" content=\"index, follow, max-snippet:-1, max-image-preview:large, max-video-preview:-1\" \/>\n<link rel=\"canonical\" href=\"https:\/\/www.portobellocapital.es\/en\/ceapi-and-portobello-challenges-of-the-family-business\/\" \/>\n<meta property=\"og:locale\" content=\"en_US\" \/>\n<meta property=\"og:type\" content=\"article\" \/>\n<meta property=\"og:title\" content=\"CEAPI and Portobello: Challenges of the Family Business &#8212; Portobello\" \/>\n<meta property=\"og:description\" content=\"This week, the business breakfast \u201cMajor Decisions in Family Businesses: Who Will Join Me on the Journey?\u201d took place \u2014 an event driven by CEAPI, Consejo Empresarial Alianza por Iberoam\u00e9rica and Portobello Capital. An inspiring conversation featuring leading voices from the business world, including: N\u00faria Vilanova Giralt, President of CEAPI Juan Luis Ram\u00edrez Belaustegui and... View Article\" \/>\n<meta property=\"og:url\" content=\"https:\/\/www.portobellocapital.es\/en\/ceapi-and-portobello-challenges-of-the-family-business\/\" \/>\n<meta property=\"og:site_name\" content=\"Portobello\" \/>\n<meta property=\"article:published_time\" content=\"2025-05-12T09:23:00+00:00\" \/>\n<meta property=\"article:modified_time\" content=\"2025-05-14T09:24:42+00:00\" \/>\n<meta name=\"author\" content=\"carolina\" \/>\n<meta name=\"twitter:card\" content=\"summary_large_image\" \/>\n<meta name=\"twitter:label1\" content=\"Written by\" \/>\n\t<meta name=\"twitter:data1\" content=\"carolina\" \/>\n\t<meta name=\"twitter:label2\" content=\"Est. reading time\" \/>\n\t<meta name=\"twitter:data2\" content=\"1 minute\" \/>\n<script type=\"application\/ld+json\" class=\"yoast-schema-graph\">{\"@context\":\"https:\/\/schema.org\",\"@graph\":[{\"@type\":\"Article\",\"@id\":\"https:\/\/www.portobellocapital.es\/en\/ceapi-and-portobello-challenges-of-the-family-business\/#article\",\"isPartOf\":{\"@id\":\"https:\/\/www.portobellocapital.es\/en\/ceapi-and-portobello-challenges-of-the-family-business\/\"},\"author\":{\"name\":\"carolina\",\"@id\":\"https:\/\/www.portobellocapital.es\/en\/#\/schema\/person\/9db3bc5a273795dc562c433b43553bbd\"},\"headline\":\"CEAPI and Portobello: Challenges of the Family Business\",\"datePublished\":\"2025-05-12T09:23:00+00:00\",\"dateModified\":\"2025-05-14T09:24:42+00:00\",\"mainEntityOfPage\":{\"@id\":\"https:\/\/www.portobellocapital.es\/en\/ceapi-and-portobello-challenges-of-the-family-business\/\"},\"wordCount\":120,\"publisher\":{\"@id\":\"https:\/\/www.portobellocapital.es\/en\/#organization\"},\"articleSection\":[\"Portobello news\"],\"inLanguage\":\"en-US\"},{\"@type\":\"WebPage\",\"@id\":\"https:\/\/www.portobellocapital.es\/en\/ceapi-and-portobello-challenges-of-the-family-business\/\",\"url\":\"https:\/\/www.portobellocapital.es\/en\/ceapi-and-portobello-challenges-of-the-family-business\/\",\"name\":\"CEAPI and Portobello: Challenges of the Family Business &#8212; Portobello\",\"isPartOf\":{\"@id\":\"https:\/\/www.portobellocapital.es\/en\/#website\"},\"datePublished\":\"2025-05-12T09:23:00+00:00\",\"dateModified\":\"2025-05-14T09:24:42+00:00\",\"breadcrumb\":{\"@id\":\"https:\/\/www.portobellocapital.es\/en\/ceapi-and-portobello-challenges-of-the-family-business\/#breadcrumb\"},\"inLanguage\":\"en-US\",\"potentialAction\":[{\"@type\":\"ReadAction\",\"target\":[\"https:\/\/www.portobellocapital.es\/en\/ceapi-and-portobello-challenges-of-the-family-business\/\"]}]},{\"@type\":\"BreadcrumbList\",\"@id\":\"https:\/\/www.portobellocapital.es\/en\/ceapi-and-portobello-challenges-of-the-family-business\/#breadcrumb\",\"itemListElement\":[{\"@type\":\"ListItem\",\"position\":1,\"name\":\"Portada\",\"item\":\"https:\/\/www.portobellocapital.es\/en\/\"},{\"@type\":\"ListItem\",\"position\":2,\"name\":\"CEAPI and Portobello: Challenges of the Family Business\"}]},{\"@type\":\"WebSite\",\"@id\":\"https:\/\/www.portobellocapital.es\/en\/#website\",\"url\":\"https:\/\/www.portobellocapital.es\/en\/\",\"name\":\"Portobello\",\"description\":\"\",\"publisher\":{\"@id\":\"https:\/\/www.portobellocapital.es\/en\/#organization\"},\"potentialAction\":[{\"@type\":\"SearchAction\",\"target\":{\"@type\":\"EntryPoint\",\"urlTemplate\":\"https:\/\/www.portobellocapital.es\/en\/?s={search_term_string}\"},\"query-input\":\"required name=search_term_string\"}],\"inLanguage\":\"en-US\"},{\"@type\":\"Organization\",\"@id\":\"https:\/\/www.portobellocapital.es\/en\/#organization\",\"name\":\"Portobello Capital\",\"url\":\"https:\/\/www.portobellocapital.es\/en\/\",\"logo\":{\"@type\":\"ImageObject\",\"inLanguage\":\"en-US\",\"@id\":\"https:\/\/www.portobellocapital.es\/en\/#\/schema\/logo\/image\/\",\"url\":\"http:\/\/www.portobellocapital.es\/wp-content\/uploads\/2020\/09\/favicon_Portobello.jpg\",\"contentUrl\":\"http:\/\/www.portobellocapital.es\/wp-content\/uploads\/2020\/09\/favicon_Portobello.jpg\",\"width\":512,\"height\":512,\"caption\":\"Portobello Capital\"},\"image\":{\"@id\":\"https:\/\/www.portobellocapital.es\/en\/#\/schema\/logo\/image\/\"}},{\"@type\":\"Person\",\"@id\":\"https:\/\/www.portobellocapital.es\/en\/#\/schema\/person\/9db3bc5a273795dc562c433b43553bbd\",\"name\":\"carolina\",\"image\":{\"@type\":\"ImageObject\",\"inLanguage\":\"en-US\",\"@id\":\"https:\/\/www.portobellocapital.es\/en\/#\/schema\/person\/image\/\",\"url\":\"https:\/\/secure.gravatar.com\/avatar\/1ba486b747f9976cf6392b0ed08895bb?s=96&d=mm&r=g\",\"contentUrl\":\"https:\/\/secure.gravatar.com\/avatar\/1ba486b747f9976cf6392b0ed08895bb?s=96&d=mm&r=g\",\"caption\":\"carolina\"}}]}<\/script>\n<!-- \/ Yoast SEO plugin. -->","yoast_head_json":{"title":"CEAPI and Portobello: Challenges of the Family Business &#8212; Portobello","robots":{"index":"index","follow":"follow","max-snippet":"max-snippet:-1","max-image-preview":"max-image-preview:large","max-video-preview":"max-video-preview:-1"},"canonical":"https:\/\/www.portobellocapital.es\/en\/ceapi-and-portobello-challenges-of-the-family-business\/","og_locale":"en_US","og_type":"article","og_title":"CEAPI and Portobello: Challenges of the Family Business &#8212; Portobello","og_description":"This week, the business breakfast \u201cMajor Decisions in Family Businesses: Who Will Join Me on the Journey?\u201d took place \u2014 an event driven by CEAPI, Consejo Empresarial Alianza por Iberoam\u00e9rica and Portobello Capital. An inspiring conversation featuring leading voices from the business world, including: N\u00faria Vilanova Giralt, President of CEAPI Juan Luis Ram\u00edrez Belaustegui and... View Article","og_url":"https:\/\/www.portobellocapital.es\/en\/ceapi-and-portobello-challenges-of-the-family-business\/","og_site_name":"Portobello","article_published_time":"2025-05-12T09:23:00+00:00","article_modified_time":"2025-05-14T09:24:42+00:00","author":"carolina","twitter_card":"summary_large_image","twitter_misc":{"Written by":"carolina","Est. reading time":"1 minute"},"schema":{"@context":"https:\/\/schema.org","@graph":[{"@type":"Article","@id":"https:\/\/www.portobellocapital.es\/en\/ceapi-and-portobello-challenges-of-the-family-business\/#article","isPartOf":{"@id":"https:\/\/www.portobellocapital.es\/en\/ceapi-and-portobello-challenges-of-the-family-business\/"},"author":{"name":"carolina","@id":"https:\/\/www.portobellocapital.es\/en\/#\/schema\/person\/9db3bc5a273795dc562c433b43553bbd"},"headline":"CEAPI and Portobello: Challenges of the Family Business","datePublished":"2025-05-12T09:23:00+00:00","dateModified":"2025-05-14T09:24:42+00:00","mainEntityOfPage":{"@id":"https:\/\/www.portobellocapital.es\/en\/ceapi-and-portobello-challenges-of-the-family-business\/"},"wordCount":120,"publisher":{"@id":"https:\/\/www.portobellocapital.es\/en\/#organization"},"articleSection":["Portobello news"],"inLanguage":"en-US"},{"@type":"WebPage","@id":"https:\/\/www.portobellocapital.es\/en\/ceapi-and-portobello-challenges-of-the-family-business\/","url":"https:\/\/www.portobellocapital.es\/en\/ceapi-and-portobello-challenges-of-the-family-business\/","name":"CEAPI and Portobello: Challenges of the Family Business &#8212; Portobello","isPartOf":{"@id":"https:\/\/www.portobellocapital.es\/en\/#website"},"datePublished":"2025-05-12T09:23:00+00:00","dateModified":"2025-05-14T09:24:42+00:00","breadcrumb":{"@id":"https:\/\/www.portobellocapital.es\/en\/ceapi-and-portobello-challenges-of-the-family-business\/#breadcrumb"},"inLanguage":"en-US","potentialAction":[{"@type":"ReadAction","target":["https:\/\/www.portobellocapital.es\/en\/ceapi-and-portobello-challenges-of-the-family-business\/"]}]},{"@type":"BreadcrumbList","@id":"https:\/\/www.portobellocapital.es\/en\/ceapi-and-portobello-challenges-of-the-family-business\/#breadcrumb","itemListElement":[{"@type":"ListItem","position":1,"name":"Portada","item":"https:\/\/www.portobellocapital.es\/en\/"},{"@type":"ListItem","position":2,"name":"CEAPI and Portobello: Challenges of the Family Business"}]},{"@type":"WebSite","@id":"https:\/\/www.portobellocapital.es\/en\/#website","url":"https:\/\/www.portobellocapital.es\/en\/","name":"Portobello","description":"","publisher":{"@id":"https:\/\/www.portobellocapital.es\/en\/#organization"},"potentialAction":[{"@type":"SearchAction","target":{"@type":"EntryPoint","urlTemplate":"https:\/\/www.portobellocapital.es\/en\/?s={search_term_string}"},"query-input":"required name=search_term_string"}],"inLanguage":"en-US"},{"@type":"Organization","@id":"https:\/\/www.portobellocapital.es\/en\/#organization","name":"Portobello Capital","url":"https:\/\/www.portobellocapital.es\/en\/","logo":{"@type":"ImageObject","inLanguage":"en-US","@id":"https:\/\/www.portobellocapital.es\/en\/#\/schema\/logo\/image\/","url":"http:\/\/www.portobellocapital.es\/wp-content\/uploads\/2020\/09\/favicon_Portobello.jpg","contentUrl":"http:\/\/www.portobellocapital.es\/wp-content\/uploads\/2020\/09\/favicon_Portobello.jpg","width":512,"height":512,"caption":"Portobello Capital"},"image":{"@id":"https:\/\/www.portobellocapital.es\/en\/#\/schema\/logo\/image\/"}},{"@type":"Person","@id":"https:\/\/www.portobellocapital.es\/en\/#\/schema\/person\/9db3bc5a273795dc562c433b43553bbd","name":"carolina","image":{"@type":"ImageObject","inLanguage":"en-US","@id":"https:\/\/www.portobellocapital.es\/en\/#\/schema\/person\/image\/","url":"https:\/\/secure.gravatar.com\/avatar\/1ba486b747f9976cf6392b0ed08895bb?s=96&d=mm&r=g","contentUrl":"https:\/\/secure.gravatar.com\/avatar\/1ba486b747f9976cf6392b0ed08895bb?s=96&d=mm&r=g","caption":"carolina"}}]}},"_links":{"self":[{"href":"https:\/\/www.portobellocapital.es\/en\/wp-json\/wp\/v2\/posts\/17744"}],"collection":[{"href":"https:\/\/www.portobellocapital.es\/en\/wp-json\/wp\/v2\/posts"}],"about":[{"href":"https:\/\/www.portobellocapital.es\/en\/wp-json\/wp\/v2\/types\/post"}],"author":[{"embeddable":true,"href":"https:\/\/www.portobellocapital.es\/en\/wp-json\/wp\/v2\/users\/3"}],"replies":[{"embeddable":true,"href":"https:\/\/www.portobellocapital.es\/en\/wp-json\/wp\/v2\/comments?post=17744"}],"version-history":[{"count":1,"href":"https:\/\/www.portobellocapital.es\/en\/wp-json\/wp\/v2\/posts\/17744\/revisions"}],"predecessor-version":[{"id":17745,"href":"https:\/\/www.portobellocapital.es\/en\/wp-json\/wp\/v2\/posts\/17744\/revisions\/17745"}],"wp:attachment":[{"href":"https:\/\/www.portobellocapital.es\/en\/wp-json\/wp\/v2\/media?parent=17744"}],"wp:term":[{"taxonomy":"category","embeddable":true,"href":"https:\/\/www.portobellocapital.es\/en\/wp-json\/wp\/v2\/categories?post=17744"},{"taxonomy":"post_tag","embeddable":true,"href":"https:\/\/www.portobellocapital.es\/en\/wp-json\/wp\/v2\/tags?post=17744"}],"curies":[{"name":"wp","href":"https:\/\/api.w.org\/{rel}","templated":true}]}}