{"id":17660,"date":"2025-02-20T18:32:48","date_gmt":"2025-02-20T17:32:48","guid":{"rendered":"https:\/\/www.portobellocapital.es\/?p=17660"},"modified":"2025-03-03T18:34:58","modified_gmt":"2025-03-03T17:34:58","slug":"juan-luis-ramirez-and-joaquin-ariza-for-funds-people","status":"publish","type":"post","link":"https:\/\/www.portobellocapital.es\/en\/juan-luis-ramirez-and-joaquin-ariza-for-funds-people\/","title":{"rendered":"Juan Luis Ram\u00edrez and Joaqu\u00edn Ariza for Funds People"},"content":{"rendered":"<p data-start=\"0\" data-end=\"271\">Juan Luis Ram\u00edrez and Joaqu\u00edn Ariza share with Funds People their vision on the importance of diversification in investment management. In this conversation, they explain how this approach allows them to adapt to different market scenarios and generate long-term value.<\/p>\n<p data-start=\"273\" data-end=\"629\">They also highlight how diversifying strategies\u2014combining majority and minority investments\u2014has enabled them to navigate market fluctuations and maintain sustained growth. Additionally, they discuss their pioneering role in the creation of continuation vehicles, an initiative that has helped them support the ongoing growth of their portfolio companies.<\/p>\n<p data-start=\"631\" data-end=\"807\" data-is-last-node=\"\" data-is-only-node=\"\">Furthermore, they share their perspective on current opportunities in the private equity market and their future plans, including international expansion and raising new funds.<\/p>\n<p><strong><a href=\"https:\/\/fundspeople.com\/es\/insights\/la-estrategia-de-portobello-capital-la-clave-esta-en-la-diversificacion\/\">Read full article<\/a><\/strong><\/p>\n","protected":false},"excerpt":{"rendered":"Juan Luis Ram\u00edrez and Joaqu\u00edn Ariza share with Funds People their vision on the importance of diversification in investment management. In this conversation, they explain how this approach allows them to adapt to different market scenarios and generate long-term value. They also highlight how diversifying strategies\u2014combining majority and minority investments\u2014has enabled them to navigate market&#8230; <a class=\"view-article\" href=\"https:\/\/www.portobellocapital.es\/en\/juan-luis-ramirez-and-joaquin-ariza-for-funds-people\/\">View Article<\/a>","protected":false},"author":3,"featured_media":0,"comment_status":"closed","ping_status":"closed","sticky":false,"template":"","format":"standard","meta":{"_acf_changed":false,"footnotes":""},"categories":[118],"tags":[],"acf":[],"yoast_head":"<!-- This site is optimized with the Yoast SEO plugin v22.2 - https:\/\/yoast.com\/wordpress\/plugins\/seo\/ -->\n<title>Juan Luis Ram\u00edrez and Joaqu\u00edn Ariza for Funds People &#8212; Portobello<\/title>\n<meta name=\"robots\" content=\"index, follow, max-snippet:-1, max-image-preview:large, max-video-preview:-1\" \/>\n<link rel=\"canonical\" href=\"https:\/\/www.portobellocapital.es\/en\/juan-luis-ramirez-and-joaquin-ariza-for-funds-people\/\" \/>\n<meta property=\"og:locale\" content=\"en_US\" \/>\n<meta property=\"og:type\" content=\"article\" \/>\n<meta property=\"og:title\" content=\"Juan Luis Ram\u00edrez and Joaqu\u00edn Ariza for Funds People &#8212; Portobello\" \/>\n<meta property=\"og:description\" content=\"Juan Luis Ram\u00edrez and Joaqu\u00edn Ariza share with Funds People their vision on the importance of diversification in investment management. In this conversation, they explain how this approach allows them to adapt to different market scenarios and generate long-term value. They also highlight how diversifying strategies\u2014combining majority and minority investments\u2014has enabled them to navigate market... View Article\" \/>\n<meta property=\"og:url\" content=\"https:\/\/www.portobellocapital.es\/en\/juan-luis-ramirez-and-joaquin-ariza-for-funds-people\/\" \/>\n<meta property=\"og:site_name\" content=\"Portobello\" \/>\n<meta property=\"article:published_time\" content=\"2025-02-20T17:32:48+00:00\" \/>\n<meta property=\"article:modified_time\" content=\"2025-03-03T17:34:58+00:00\" \/>\n<meta name=\"author\" content=\"carolina\" \/>\n<meta name=\"twitter:card\" content=\"summary_large_image\" \/>\n<meta name=\"twitter:label1\" content=\"Written by\" \/>\n\t<meta name=\"twitter:data1\" content=\"carolina\" \/>\n\t<meta name=\"twitter:label2\" content=\"Est. reading time\" \/>\n\t<meta name=\"twitter:data2\" content=\"1 minute\" \/>\n<script type=\"application\/ld+json\" class=\"yoast-schema-graph\">{\"@context\":\"https:\/\/schema.org\",\"@graph\":[{\"@type\":\"Article\",\"@id\":\"https:\/\/www.portobellocapital.es\/en\/juan-luis-ramirez-and-joaquin-ariza-for-funds-people\/#article\",\"isPartOf\":{\"@id\":\"https:\/\/www.portobellocapital.es\/en\/juan-luis-ramirez-and-joaquin-ariza-for-funds-people\/\"},\"author\":{\"name\":\"carolina\",\"@id\":\"https:\/\/www.portobellocapital.es\/en\/#\/schema\/person\/9db3bc5a273795dc562c433b43553bbd\"},\"headline\":\"Juan Luis Ram\u00edrez and Joaqu\u00edn Ariza for Funds People\",\"datePublished\":\"2025-02-20T17:32:48+00:00\",\"dateModified\":\"2025-03-03T17:34:58+00:00\",\"mainEntityOfPage\":{\"@id\":\"https:\/\/www.portobellocapital.es\/en\/juan-luis-ramirez-and-joaquin-ariza-for-funds-people\/\"},\"wordCount\":128,\"publisher\":{\"@id\":\"https:\/\/www.portobellocapital.es\/en\/#organization\"},\"articleSection\":[\"Portobello news\"],\"inLanguage\":\"en-US\"},{\"@type\":\"WebPage\",\"@id\":\"https:\/\/www.portobellocapital.es\/en\/juan-luis-ramirez-and-joaquin-ariza-for-funds-people\/\",\"url\":\"https:\/\/www.portobellocapital.es\/en\/juan-luis-ramirez-and-joaquin-ariza-for-funds-people\/\",\"name\":\"Juan Luis Ram\u00edrez and Joaqu\u00edn Ariza for Funds People &#8212; Portobello\",\"isPartOf\":{\"@id\":\"https:\/\/www.portobellocapital.es\/en\/#website\"},\"datePublished\":\"2025-02-20T17:32:48+00:00\",\"dateModified\":\"2025-03-03T17:34:58+00:00\",\"breadcrumb\":{\"@id\":\"https:\/\/www.portobellocapital.es\/en\/juan-luis-ramirez-and-joaquin-ariza-for-funds-people\/#breadcrumb\"},\"inLanguage\":\"en-US\",\"potentialAction\":[{\"@type\":\"ReadAction\",\"target\":[\"https:\/\/www.portobellocapital.es\/en\/juan-luis-ramirez-and-joaquin-ariza-for-funds-people\/\"]}]},{\"@type\":\"BreadcrumbList\",\"@id\":\"https:\/\/www.portobellocapital.es\/en\/juan-luis-ramirez-and-joaquin-ariza-for-funds-people\/#breadcrumb\",\"itemListElement\":[{\"@type\":\"ListItem\",\"position\":1,\"name\":\"Portada\",\"item\":\"https:\/\/www.portobellocapital.es\/en\/\"},{\"@type\":\"ListItem\",\"position\":2,\"name\":\"Juan Luis Ram\u00edrez and Joaqu\u00edn Ariza for Funds People\"}]},{\"@type\":\"WebSite\",\"@id\":\"https:\/\/www.portobellocapital.es\/en\/#website\",\"url\":\"https:\/\/www.portobellocapital.es\/en\/\",\"name\":\"Portobello\",\"description\":\"\",\"publisher\":{\"@id\":\"https:\/\/www.portobellocapital.es\/en\/#organization\"},\"potentialAction\":[{\"@type\":\"SearchAction\",\"target\":{\"@type\":\"EntryPoint\",\"urlTemplate\":\"https:\/\/www.portobellocapital.es\/en\/?s={search_term_string}\"},\"query-input\":\"required name=search_term_string\"}],\"inLanguage\":\"en-US\"},{\"@type\":\"Organization\",\"@id\":\"https:\/\/www.portobellocapital.es\/en\/#organization\",\"name\":\"Portobello Capital\",\"url\":\"https:\/\/www.portobellocapital.es\/en\/\",\"logo\":{\"@type\":\"ImageObject\",\"inLanguage\":\"en-US\",\"@id\":\"https:\/\/www.portobellocapital.es\/en\/#\/schema\/logo\/image\/\",\"url\":\"http:\/\/www.portobellocapital.es\/wp-content\/uploads\/2020\/09\/favicon_Portobello.jpg\",\"contentUrl\":\"http:\/\/www.portobellocapital.es\/wp-content\/uploads\/2020\/09\/favicon_Portobello.jpg\",\"width\":512,\"height\":512,\"caption\":\"Portobello Capital\"},\"image\":{\"@id\":\"https:\/\/www.portobellocapital.es\/en\/#\/schema\/logo\/image\/\"}},{\"@type\":\"Person\",\"@id\":\"https:\/\/www.portobellocapital.es\/en\/#\/schema\/person\/9db3bc5a273795dc562c433b43553bbd\",\"name\":\"carolina\",\"image\":{\"@type\":\"ImageObject\",\"inLanguage\":\"en-US\",\"@id\":\"https:\/\/www.portobellocapital.es\/en\/#\/schema\/person\/image\/\",\"url\":\"https:\/\/secure.gravatar.com\/avatar\/1ba486b747f9976cf6392b0ed08895bb?s=96&d=mm&r=g\",\"contentUrl\":\"https:\/\/secure.gravatar.com\/avatar\/1ba486b747f9976cf6392b0ed08895bb?s=96&d=mm&r=g\",\"caption\":\"carolina\"}}]}<\/script>\n<!-- \/ Yoast SEO plugin. -->","yoast_head_json":{"title":"Juan Luis Ram\u00edrez and Joaqu\u00edn Ariza for Funds People &#8212; Portobello","robots":{"index":"index","follow":"follow","max-snippet":"max-snippet:-1","max-image-preview":"max-image-preview:large","max-video-preview":"max-video-preview:-1"},"canonical":"https:\/\/www.portobellocapital.es\/en\/juan-luis-ramirez-and-joaquin-ariza-for-funds-people\/","og_locale":"en_US","og_type":"article","og_title":"Juan Luis Ram\u00edrez and Joaqu\u00edn Ariza for Funds People &#8212; Portobello","og_description":"Juan Luis Ram\u00edrez and Joaqu\u00edn Ariza share with Funds People their vision on the importance of diversification in investment management. In this conversation, they explain how this approach allows them to adapt to different market scenarios and generate long-term value. They also highlight how diversifying strategies\u2014combining majority and minority investments\u2014has enabled them to navigate market... View Article","og_url":"https:\/\/www.portobellocapital.es\/en\/juan-luis-ramirez-and-joaquin-ariza-for-funds-people\/","og_site_name":"Portobello","article_published_time":"2025-02-20T17:32:48+00:00","article_modified_time":"2025-03-03T17:34:58+00:00","author":"carolina","twitter_card":"summary_large_image","twitter_misc":{"Written by":"carolina","Est. reading time":"1 minute"},"schema":{"@context":"https:\/\/schema.org","@graph":[{"@type":"Article","@id":"https:\/\/www.portobellocapital.es\/en\/juan-luis-ramirez-and-joaquin-ariza-for-funds-people\/#article","isPartOf":{"@id":"https:\/\/www.portobellocapital.es\/en\/juan-luis-ramirez-and-joaquin-ariza-for-funds-people\/"},"author":{"name":"carolina","@id":"https:\/\/www.portobellocapital.es\/en\/#\/schema\/person\/9db3bc5a273795dc562c433b43553bbd"},"headline":"Juan Luis Ram\u00edrez and Joaqu\u00edn Ariza for Funds People","datePublished":"2025-02-20T17:32:48+00:00","dateModified":"2025-03-03T17:34:58+00:00","mainEntityOfPage":{"@id":"https:\/\/www.portobellocapital.es\/en\/juan-luis-ramirez-and-joaquin-ariza-for-funds-people\/"},"wordCount":128,"publisher":{"@id":"https:\/\/www.portobellocapital.es\/en\/#organization"},"articleSection":["Portobello news"],"inLanguage":"en-US"},{"@type":"WebPage","@id":"https:\/\/www.portobellocapital.es\/en\/juan-luis-ramirez-and-joaquin-ariza-for-funds-people\/","url":"https:\/\/www.portobellocapital.es\/en\/juan-luis-ramirez-and-joaquin-ariza-for-funds-people\/","name":"Juan Luis Ram\u00edrez and Joaqu\u00edn Ariza for Funds People &#8212; Portobello","isPartOf":{"@id":"https:\/\/www.portobellocapital.es\/en\/#website"},"datePublished":"2025-02-20T17:32:48+00:00","dateModified":"2025-03-03T17:34:58+00:00","breadcrumb":{"@id":"https:\/\/www.portobellocapital.es\/en\/juan-luis-ramirez-and-joaquin-ariza-for-funds-people\/#breadcrumb"},"inLanguage":"en-US","potentialAction":[{"@type":"ReadAction","target":["https:\/\/www.portobellocapital.es\/en\/juan-luis-ramirez-and-joaquin-ariza-for-funds-people\/"]}]},{"@type":"BreadcrumbList","@id":"https:\/\/www.portobellocapital.es\/en\/juan-luis-ramirez-and-joaquin-ariza-for-funds-people\/#breadcrumb","itemListElement":[{"@type":"ListItem","position":1,"name":"Portada","item":"https:\/\/www.portobellocapital.es\/en\/"},{"@type":"ListItem","position":2,"name":"Juan Luis Ram\u00edrez and Joaqu\u00edn Ariza for Funds People"}]},{"@type":"WebSite","@id":"https:\/\/www.portobellocapital.es\/en\/#website","url":"https:\/\/www.portobellocapital.es\/en\/","name":"Portobello","description":"","publisher":{"@id":"https:\/\/www.portobellocapital.es\/en\/#organization"},"potentialAction":[{"@type":"SearchAction","target":{"@type":"EntryPoint","urlTemplate":"https:\/\/www.portobellocapital.es\/en\/?s={search_term_string}"},"query-input":"required name=search_term_string"}],"inLanguage":"en-US"},{"@type":"Organization","@id":"https:\/\/www.portobellocapital.es\/en\/#organization","name":"Portobello Capital","url":"https:\/\/www.portobellocapital.es\/en\/","logo":{"@type":"ImageObject","inLanguage":"en-US","@id":"https:\/\/www.portobellocapital.es\/en\/#\/schema\/logo\/image\/","url":"http:\/\/www.portobellocapital.es\/wp-content\/uploads\/2020\/09\/favicon_Portobello.jpg","contentUrl":"http:\/\/www.portobellocapital.es\/wp-content\/uploads\/2020\/09\/favicon_Portobello.jpg","width":512,"height":512,"caption":"Portobello Capital"},"image":{"@id":"https:\/\/www.portobellocapital.es\/en\/#\/schema\/logo\/image\/"}},{"@type":"Person","@id":"https:\/\/www.portobellocapital.es\/en\/#\/schema\/person\/9db3bc5a273795dc562c433b43553bbd","name":"carolina","image":{"@type":"ImageObject","inLanguage":"en-US","@id":"https:\/\/www.portobellocapital.es\/en\/#\/schema\/person\/image\/","url":"https:\/\/secure.gravatar.com\/avatar\/1ba486b747f9976cf6392b0ed08895bb?s=96&d=mm&r=g","contentUrl":"https:\/\/secure.gravatar.com\/avatar\/1ba486b747f9976cf6392b0ed08895bb?s=96&d=mm&r=g","caption":"carolina"}}]}},"_links":{"self":[{"href":"https:\/\/www.portobellocapital.es\/en\/wp-json\/wp\/v2\/posts\/17660"}],"collection":[{"href":"https:\/\/www.portobellocapital.es\/en\/wp-json\/wp\/v2\/posts"}],"about":[{"href":"https:\/\/www.portobellocapital.es\/en\/wp-json\/wp\/v2\/types\/post"}],"author":[{"embeddable":true,"href":"https:\/\/www.portobellocapital.es\/en\/wp-json\/wp\/v2\/users\/3"}],"replies":[{"embeddable":true,"href":"https:\/\/www.portobellocapital.es\/en\/wp-json\/wp\/v2\/comments?post=17660"}],"version-history":[{"count":1,"href":"https:\/\/www.portobellocapital.es\/en\/wp-json\/wp\/v2\/posts\/17660\/revisions"}],"predecessor-version":[{"id":17661,"href":"https:\/\/www.portobellocapital.es\/en\/wp-json\/wp\/v2\/posts\/17660\/revisions\/17661"}],"wp:attachment":[{"href":"https:\/\/www.portobellocapital.es\/en\/wp-json\/wp\/v2\/media?parent=17660"}],"wp:term":[{"taxonomy":"category","embeddable":true,"href":"https:\/\/www.portobellocapital.es\/en\/wp-json\/wp\/v2\/categories?post=17660"},{"taxonomy":"post_tag","embeddable":true,"href":"https:\/\/www.portobellocapital.es\/en\/wp-json\/wp\/v2\/tags?post=17660"}],"curies":[{"name":"wp","href":"https:\/\/api.w.org\/{rel}","templated":true}]}}