{"id":17611,"date":"2025-02-25T10:38:10","date_gmt":"2025-02-25T09:38:10","guid":{"rendered":"https:\/\/www.portobellocapital.es\/?p=17611"},"modified":"2025-02-26T10:51:24","modified_gmt":"2025-02-26T09:51:24","slug":"portobello-and-sofina-join-proeduca-as-strategic-partners","status":"publish","type":"post","link":"https:\/\/www.portobellocapital.es\/en\/portobello-and-sofina-join-proeduca-as-strategic-partners\/","title":{"rendered":"Portobello and Sofina join Proeduca as strategic partners"},"content":{"rendered":"<p>We are very proud to announce that Proeduca takes a key step in its international leadership in Spanish higher education by adding Portobello Capital and Sofina as strategic partners through the acquisition of a significant minority stake.<\/p>\n<p>In a context of profound transformation in the education sector, online higher education has established itself as a high-quality academic alternative. Its growth has helped break down barriers and promote social mobility, equity, and employability. In this changing landscape, the addition of Sofina and Portobello Capital strengthens the drive toward a more accessible and global education model.<\/p>\n<p>&#8220;We have closely followed Proeduca since before its IPO in 2019 and admire the value it has created to date. We are thrilled to support Proeduca at such an exciting time, with great opportunities for further growth. This step reflects our commitment to supporting industry leaders and partnering with visionary founders to drive sustainable growth and long-term value creation.&#8221;<\/p>\n<p>\u00cdnigo S\u00e1nchez-Asia\u00edn, Founding Partner of Portobello Capital.<\/p>\n<p><strong><a href=\"https:\/\/www.portobellocapital.es\/wp-content\/uploads\/2025\/02\/20250225-NdP-vSent-Portobello-vF.pdf\">Press Release<\/a><\/strong><\/p>\n","protected":false},"excerpt":{"rendered":"We are very proud to announce that Proeduca takes a key step in its international leadership in Spanish higher education by adding Portobello Capital and Sofina as strategic partners through the acquisition of a significant minority stake. In a context of profound transformation in the education sector, online higher education has established itself as a&#8230; <a class=\"view-article\" href=\"https:\/\/www.portobellocapital.es\/en\/portobello-and-sofina-join-proeduca-as-strategic-partners\/\">View Article<\/a>","protected":false},"author":3,"featured_media":0,"comment_status":"closed","ping_status":"closed","sticky":false,"template":"","format":"standard","meta":{"_acf_changed":false,"footnotes":""},"categories":[117,118],"tags":[],"acf":[],"yoast_head":"<!-- This site is optimized with the Yoast SEO plugin v22.2 - https:\/\/yoast.com\/wordpress\/plugins\/seo\/ -->\n<title>Portobello and Sofina join Proeduca as strategic partners &#8212; Portobello<\/title>\n<meta name=\"robots\" content=\"index, follow, max-snippet:-1, max-image-preview:large, max-video-preview:-1\" \/>\n<link rel=\"canonical\" href=\"https:\/\/www.portobellocapital.es\/en\/portobello-and-sofina-join-proeduca-as-strategic-partners\/\" \/>\n<meta property=\"og:locale\" content=\"en_US\" \/>\n<meta property=\"og:type\" content=\"article\" \/>\n<meta property=\"og:title\" content=\"Portobello and Sofina join Proeduca as strategic partners &#8212; Portobello\" \/>\n<meta property=\"og:description\" content=\"We are very proud to announce that Proeduca takes a key step in its international leadership in Spanish higher education by adding Portobello Capital and Sofina as strategic partners through the acquisition of a significant minority stake. In a context of profound transformation in the education sector, online higher education has established itself as a... View Article\" \/>\n<meta property=\"og:url\" content=\"https:\/\/www.portobellocapital.es\/en\/portobello-and-sofina-join-proeduca-as-strategic-partners\/\" \/>\n<meta property=\"og:site_name\" content=\"Portobello\" \/>\n<meta property=\"article:published_time\" content=\"2025-02-25T09:38:10+00:00\" \/>\n<meta property=\"article:modified_time\" content=\"2025-02-26T09:51:24+00:00\" \/>\n<meta name=\"author\" content=\"carolina\" \/>\n<meta name=\"twitter:card\" content=\"summary_large_image\" \/>\n<meta name=\"twitter:label1\" content=\"Written by\" \/>\n\t<meta name=\"twitter:data1\" content=\"carolina\" \/>\n\t<meta name=\"twitter:label2\" content=\"Est. reading time\" \/>\n\t<meta name=\"twitter:data2\" content=\"1 minute\" \/>\n<script type=\"application\/ld+json\" class=\"yoast-schema-graph\">{\"@context\":\"https:\/\/schema.org\",\"@graph\":[{\"@type\":\"Article\",\"@id\":\"https:\/\/www.portobellocapital.es\/en\/portobello-and-sofina-join-proeduca-as-strategic-partners\/#article\",\"isPartOf\":{\"@id\":\"https:\/\/www.portobellocapital.es\/en\/portobello-and-sofina-join-proeduca-as-strategic-partners\/\"},\"author\":{\"name\":\"carolina\",\"@id\":\"https:\/\/www.portobellocapital.es\/en\/#\/schema\/person\/9db3bc5a273795dc562c433b43553bbd\"},\"headline\":\"Portobello and Sofina join Proeduca as strategic partners\",\"datePublished\":\"2025-02-25T09:38:10+00:00\",\"dateModified\":\"2025-02-26T09:51:24+00:00\",\"mainEntityOfPage\":{\"@id\":\"https:\/\/www.portobellocapital.es\/en\/portobello-and-sofina-join-proeduca-as-strategic-partners\/\"},\"wordCount\":171,\"publisher\":{\"@id\":\"https:\/\/www.portobellocapital.es\/en\/#organization\"},\"articleSection\":[\"Portfolio companies news\",\"Portobello news\"],\"inLanguage\":\"en-US\"},{\"@type\":\"WebPage\",\"@id\":\"https:\/\/www.portobellocapital.es\/en\/portobello-and-sofina-join-proeduca-as-strategic-partners\/\",\"url\":\"https:\/\/www.portobellocapital.es\/en\/portobello-and-sofina-join-proeduca-as-strategic-partners\/\",\"name\":\"Portobello and Sofina join Proeduca as strategic partners &#8212; Portobello\",\"isPartOf\":{\"@id\":\"https:\/\/www.portobellocapital.es\/en\/#website\"},\"datePublished\":\"2025-02-25T09:38:10+00:00\",\"dateModified\":\"2025-02-26T09:51:24+00:00\",\"breadcrumb\":{\"@id\":\"https:\/\/www.portobellocapital.es\/en\/portobello-and-sofina-join-proeduca-as-strategic-partners\/#breadcrumb\"},\"inLanguage\":\"en-US\",\"potentialAction\":[{\"@type\":\"ReadAction\",\"target\":[\"https:\/\/www.portobellocapital.es\/en\/portobello-and-sofina-join-proeduca-as-strategic-partners\/\"]}]},{\"@type\":\"BreadcrumbList\",\"@id\":\"https:\/\/www.portobellocapital.es\/en\/portobello-and-sofina-join-proeduca-as-strategic-partners\/#breadcrumb\",\"itemListElement\":[{\"@type\":\"ListItem\",\"position\":1,\"name\":\"Portada\",\"item\":\"https:\/\/www.portobellocapital.es\/en\/\"},{\"@type\":\"ListItem\",\"position\":2,\"name\":\"Portobello and Sofina join Proeduca as strategic partners\"}]},{\"@type\":\"WebSite\",\"@id\":\"https:\/\/www.portobellocapital.es\/en\/#website\",\"url\":\"https:\/\/www.portobellocapital.es\/en\/\",\"name\":\"Portobello\",\"description\":\"\",\"publisher\":{\"@id\":\"https:\/\/www.portobellocapital.es\/en\/#organization\"},\"potentialAction\":[{\"@type\":\"SearchAction\",\"target\":{\"@type\":\"EntryPoint\",\"urlTemplate\":\"https:\/\/www.portobellocapital.es\/en\/?s={search_term_string}\"},\"query-input\":\"required name=search_term_string\"}],\"inLanguage\":\"en-US\"},{\"@type\":\"Organization\",\"@id\":\"https:\/\/www.portobellocapital.es\/en\/#organization\",\"name\":\"Portobello Capital\",\"url\":\"https:\/\/www.portobellocapital.es\/en\/\",\"logo\":{\"@type\":\"ImageObject\",\"inLanguage\":\"en-US\",\"@id\":\"https:\/\/www.portobellocapital.es\/en\/#\/schema\/logo\/image\/\",\"url\":\"http:\/\/www.portobellocapital.es\/wp-content\/uploads\/2020\/09\/favicon_Portobello.jpg\",\"contentUrl\":\"http:\/\/www.portobellocapital.es\/wp-content\/uploads\/2020\/09\/favicon_Portobello.jpg\",\"width\":512,\"height\":512,\"caption\":\"Portobello Capital\"},\"image\":{\"@id\":\"https:\/\/www.portobellocapital.es\/en\/#\/schema\/logo\/image\/\"}},{\"@type\":\"Person\",\"@id\":\"https:\/\/www.portobellocapital.es\/en\/#\/schema\/person\/9db3bc5a273795dc562c433b43553bbd\",\"name\":\"carolina\",\"image\":{\"@type\":\"ImageObject\",\"inLanguage\":\"en-US\",\"@id\":\"https:\/\/www.portobellocapital.es\/en\/#\/schema\/person\/image\/\",\"url\":\"https:\/\/secure.gravatar.com\/avatar\/1ba486b747f9976cf6392b0ed08895bb?s=96&d=mm&r=g\",\"contentUrl\":\"https:\/\/secure.gravatar.com\/avatar\/1ba486b747f9976cf6392b0ed08895bb?s=96&d=mm&r=g\",\"caption\":\"carolina\"}}]}<\/script>\n<!-- \/ Yoast SEO plugin. -->","yoast_head_json":{"title":"Portobello and Sofina join Proeduca as strategic partners &#8212; Portobello","robots":{"index":"index","follow":"follow","max-snippet":"max-snippet:-1","max-image-preview":"max-image-preview:large","max-video-preview":"max-video-preview:-1"},"canonical":"https:\/\/www.portobellocapital.es\/en\/portobello-and-sofina-join-proeduca-as-strategic-partners\/","og_locale":"en_US","og_type":"article","og_title":"Portobello and Sofina join Proeduca as strategic partners &#8212; Portobello","og_description":"We are very proud to announce that Proeduca takes a key step in its international leadership in Spanish higher education by adding Portobello Capital and Sofina as strategic partners through the acquisition of a significant minority stake. In a context of profound transformation in the education sector, online higher education has established itself as a... View Article","og_url":"https:\/\/www.portobellocapital.es\/en\/portobello-and-sofina-join-proeduca-as-strategic-partners\/","og_site_name":"Portobello","article_published_time":"2025-02-25T09:38:10+00:00","article_modified_time":"2025-02-26T09:51:24+00:00","author":"carolina","twitter_card":"summary_large_image","twitter_misc":{"Written by":"carolina","Est. reading time":"1 minute"},"schema":{"@context":"https:\/\/schema.org","@graph":[{"@type":"Article","@id":"https:\/\/www.portobellocapital.es\/en\/portobello-and-sofina-join-proeduca-as-strategic-partners\/#article","isPartOf":{"@id":"https:\/\/www.portobellocapital.es\/en\/portobello-and-sofina-join-proeduca-as-strategic-partners\/"},"author":{"name":"carolina","@id":"https:\/\/www.portobellocapital.es\/en\/#\/schema\/person\/9db3bc5a273795dc562c433b43553bbd"},"headline":"Portobello and Sofina join Proeduca as strategic partners","datePublished":"2025-02-25T09:38:10+00:00","dateModified":"2025-02-26T09:51:24+00:00","mainEntityOfPage":{"@id":"https:\/\/www.portobellocapital.es\/en\/portobello-and-sofina-join-proeduca-as-strategic-partners\/"},"wordCount":171,"publisher":{"@id":"https:\/\/www.portobellocapital.es\/en\/#organization"},"articleSection":["Portfolio companies news","Portobello news"],"inLanguage":"en-US"},{"@type":"WebPage","@id":"https:\/\/www.portobellocapital.es\/en\/portobello-and-sofina-join-proeduca-as-strategic-partners\/","url":"https:\/\/www.portobellocapital.es\/en\/portobello-and-sofina-join-proeduca-as-strategic-partners\/","name":"Portobello and Sofina join Proeduca as strategic partners &#8212; Portobello","isPartOf":{"@id":"https:\/\/www.portobellocapital.es\/en\/#website"},"datePublished":"2025-02-25T09:38:10+00:00","dateModified":"2025-02-26T09:51:24+00:00","breadcrumb":{"@id":"https:\/\/www.portobellocapital.es\/en\/portobello-and-sofina-join-proeduca-as-strategic-partners\/#breadcrumb"},"inLanguage":"en-US","potentialAction":[{"@type":"ReadAction","target":["https:\/\/www.portobellocapital.es\/en\/portobello-and-sofina-join-proeduca-as-strategic-partners\/"]}]},{"@type":"BreadcrumbList","@id":"https:\/\/www.portobellocapital.es\/en\/portobello-and-sofina-join-proeduca-as-strategic-partners\/#breadcrumb","itemListElement":[{"@type":"ListItem","position":1,"name":"Portada","item":"https:\/\/www.portobellocapital.es\/en\/"},{"@type":"ListItem","position":2,"name":"Portobello and Sofina join Proeduca as strategic partners"}]},{"@type":"WebSite","@id":"https:\/\/www.portobellocapital.es\/en\/#website","url":"https:\/\/www.portobellocapital.es\/en\/","name":"Portobello","description":"","publisher":{"@id":"https:\/\/www.portobellocapital.es\/en\/#organization"},"potentialAction":[{"@type":"SearchAction","target":{"@type":"EntryPoint","urlTemplate":"https:\/\/www.portobellocapital.es\/en\/?s={search_term_string}"},"query-input":"required name=search_term_string"}],"inLanguage":"en-US"},{"@type":"Organization","@id":"https:\/\/www.portobellocapital.es\/en\/#organization","name":"Portobello Capital","url":"https:\/\/www.portobellocapital.es\/en\/","logo":{"@type":"ImageObject","inLanguage":"en-US","@id":"https:\/\/www.portobellocapital.es\/en\/#\/schema\/logo\/image\/","url":"http:\/\/www.portobellocapital.es\/wp-content\/uploads\/2020\/09\/favicon_Portobello.jpg","contentUrl":"http:\/\/www.portobellocapital.es\/wp-content\/uploads\/2020\/09\/favicon_Portobello.jpg","width":512,"height":512,"caption":"Portobello Capital"},"image":{"@id":"https:\/\/www.portobellocapital.es\/en\/#\/schema\/logo\/image\/"}},{"@type":"Person","@id":"https:\/\/www.portobellocapital.es\/en\/#\/schema\/person\/9db3bc5a273795dc562c433b43553bbd","name":"carolina","image":{"@type":"ImageObject","inLanguage":"en-US","@id":"https:\/\/www.portobellocapital.es\/en\/#\/schema\/person\/image\/","url":"https:\/\/secure.gravatar.com\/avatar\/1ba486b747f9976cf6392b0ed08895bb?s=96&d=mm&r=g","contentUrl":"https:\/\/secure.gravatar.com\/avatar\/1ba486b747f9976cf6392b0ed08895bb?s=96&d=mm&r=g","caption":"carolina"}}]}},"_links":{"self":[{"href":"https:\/\/www.portobellocapital.es\/en\/wp-json\/wp\/v2\/posts\/17611"}],"collection":[{"href":"https:\/\/www.portobellocapital.es\/en\/wp-json\/wp\/v2\/posts"}],"about":[{"href":"https:\/\/www.portobellocapital.es\/en\/wp-json\/wp\/v2\/types\/post"}],"author":[{"embeddable":true,"href":"https:\/\/www.portobellocapital.es\/en\/wp-json\/wp\/v2\/users\/3"}],"replies":[{"embeddable":true,"href":"https:\/\/www.portobellocapital.es\/en\/wp-json\/wp\/v2\/comments?post=17611"}],"version-history":[{"count":2,"href":"https:\/\/www.portobellocapital.es\/en\/wp-json\/wp\/v2\/posts\/17611\/revisions"}],"predecessor-version":[{"id":17617,"href":"https:\/\/www.portobellocapital.es\/en\/wp-json\/wp\/v2\/posts\/17611\/revisions\/17617"}],"wp:attachment":[{"href":"https:\/\/www.portobellocapital.es\/en\/wp-json\/wp\/v2\/media?parent=17611"}],"wp:term":[{"taxonomy":"category","embeddable":true,"href":"https:\/\/www.portobellocapital.es\/en\/wp-json\/wp\/v2\/categories?post=17611"},{"taxonomy":"post_tag","embeddable":true,"href":"https:\/\/www.portobellocapital.es\/en\/wp-json\/wp\/v2\/tags?post=17611"}],"curies":[{"name":"wp","href":"https:\/\/api.w.org\/{rel}","templated":true}]}}