{"id":17095,"date":"2024-03-14T13:34:57","date_gmt":"2024-03-14T12:34:57","guid":{"rendered":"https:\/\/www.portobellocapital.es\/?p=17095"},"modified":"2024-03-19T13:36:12","modified_gmt":"2024-03-19T12:36:12","slug":"victor-viros-at-the-leaders-league-iberian-summit-awards","status":"publish","type":"post","link":"https:\/\/www.portobellocapital.es\/en\/victor-viros-at-the-leaders-league-iberian-summit-awards\/","title":{"rendered":"V\u00edctor Vir\u00f3s at The Leaders League Iberian Summit &#038; Awards"},"content":{"rendered":"<p>V\u00edctor Vir\u00f3s, speaker in the Private Equity: Value Creation in Spain panel organized by The\u00a0<a href=\"https:\/\/www.linkedin.com\/company\/leadersleague\/\" data-attribute-index=\"2\" data-entity-type=\"MINI_COMPANY\">Leaders League<\/a> Iberian Summit &amp; Awards.<\/p>\n<p>This event brings together over 250 business professionals from leading companies, law firms and investment funds in Spain and Portugal to share knowledge, best practices, seek new opportunities and to award excellence.<\/p>\n<p><img loading=\"lazy\" decoding=\"async\" width=\"450\" height=\"285\" class=\"alignnone size-medium wp-image-17091\" src=\"https:\/\/www.portobellocapital.es\/wp-content\/uploads\/2024\/03\/iberian-summit-awards-2024-00205-450x285.jpg\" alt=\"\" srcset=\"https:\/\/www.portobellocapital.es\/wp-content\/uploads\/2024\/03\/iberian-summit-awards-2024-00205-450x285.jpg 450w, https:\/\/www.portobellocapital.es\/wp-content\/uploads\/2024\/03\/iberian-summit-awards-2024-00205-768x487.jpg 768w, https:\/\/www.portobellocapital.es\/wp-content\/uploads\/2024\/03\/iberian-summit-awards-2024-00205-200x127.jpg 200w, https:\/\/www.portobellocapital.es\/wp-content\/uploads\/2024\/03\/iberian-summit-awards-2024-00205.jpg 1235w\" sizes=\"(max-width: 450px) 100vw, 450px\" \/><\/p>\n","protected":false},"excerpt":{"rendered":"V\u00edctor Vir\u00f3s, speaker in the Private Equity: Value Creation in Spain panel organized by The\u00a0Leaders League Iberian Summit &amp; Awards. This event brings together over 250 business professionals from leading companies, law firms and investment funds in Spain and Portugal to share knowledge, best practices, seek new opportunities and to award excellence.","protected":false},"author":3,"featured_media":0,"comment_status":"closed","ping_status":"closed","sticky":false,"template":"","format":"standard","meta":{"_acf_changed":false,"footnotes":""},"categories":[118],"tags":[],"acf":[],"yoast_head":"<!-- This site is optimized with the Yoast SEO plugin v22.2 - https:\/\/yoast.com\/wordpress\/plugins\/seo\/ -->\n<title>V\u00edctor Vir\u00f3s at The Leaders League Iberian Summit &amp; Awards &#8212; Portobello<\/title>\n<meta name=\"robots\" content=\"index, follow, max-snippet:-1, max-image-preview:large, max-video-preview:-1\" \/>\n<link rel=\"canonical\" href=\"https:\/\/www.portobellocapital.es\/en\/victor-viros-at-the-leaders-league-iberian-summit-awards\/\" \/>\n<meta property=\"og:locale\" content=\"en_US\" \/>\n<meta property=\"og:type\" content=\"article\" \/>\n<meta property=\"og:title\" content=\"V\u00edctor Vir\u00f3s at The Leaders League Iberian Summit &amp; Awards &#8212; Portobello\" \/>\n<meta property=\"og:description\" content=\"V\u00edctor Vir\u00f3s, speaker in the Private Equity: Value Creation in Spain panel organized by The\u00a0Leaders League Iberian Summit &amp; Awards. This event brings together over 250 business professionals from leading companies, law firms and investment funds in Spain and Portugal to share knowledge, best practices, seek new opportunities and to award excellence.\" \/>\n<meta property=\"og:url\" content=\"https:\/\/www.portobellocapital.es\/en\/victor-viros-at-the-leaders-league-iberian-summit-awards\/\" \/>\n<meta property=\"og:site_name\" content=\"Portobello\" \/>\n<meta property=\"article:published_time\" content=\"2024-03-14T12:34:57+00:00\" \/>\n<meta property=\"article:modified_time\" content=\"2024-03-19T12:36:12+00:00\" \/>\n<meta property=\"og:image\" content=\"https:\/\/www.portobellocapital.es\/wp-content\/uploads\/2024\/03\/iberian-summit-awards-2024-00205-450x285.jpg\" \/>\n<meta name=\"author\" content=\"carolina\" \/>\n<meta name=\"twitter:card\" content=\"summary_large_image\" \/>\n<meta name=\"twitter:label1\" content=\"Written by\" \/>\n\t<meta name=\"twitter:data1\" content=\"carolina\" \/>\n\t<meta name=\"twitter:label2\" content=\"Est. reading time\" \/>\n\t<meta name=\"twitter:data2\" content=\"1 minute\" \/>\n<script type=\"application\/ld+json\" class=\"yoast-schema-graph\">{\"@context\":\"https:\/\/schema.org\",\"@graph\":[{\"@type\":\"Article\",\"@id\":\"https:\/\/www.portobellocapital.es\/en\/victor-viros-at-the-leaders-league-iberian-summit-awards\/#article\",\"isPartOf\":{\"@id\":\"https:\/\/www.portobellocapital.es\/en\/victor-viros-at-the-leaders-league-iberian-summit-awards\/\"},\"author\":{\"name\":\"carolina\",\"@id\":\"https:\/\/www.portobellocapital.es\/en\/#\/schema\/person\/9db3bc5a273795dc562c433b43553bbd\"},\"headline\":\"V\u00edctor Vir\u00f3s at The Leaders League Iberian Summit &#038; Awards\",\"datePublished\":\"2024-03-14T12:34:57+00:00\",\"dateModified\":\"2024-03-19T12:36:12+00:00\",\"mainEntityOfPage\":{\"@id\":\"https:\/\/www.portobellocapital.es\/en\/victor-viros-at-the-leaders-league-iberian-summit-awards\/\"},\"wordCount\":65,\"publisher\":{\"@id\":\"https:\/\/www.portobellocapital.es\/en\/#organization\"},\"image\":{\"@id\":\"https:\/\/www.portobellocapital.es\/en\/victor-viros-at-the-leaders-league-iberian-summit-awards\/#primaryimage\"},\"thumbnailUrl\":\"https:\/\/www.portobellocapital.es\/wp-content\/uploads\/2024\/03\/iberian-summit-awards-2024-00205-450x285.jpg\",\"articleSection\":[\"Portobello news\"],\"inLanguage\":\"en-US\"},{\"@type\":\"WebPage\",\"@id\":\"https:\/\/www.portobellocapital.es\/en\/victor-viros-at-the-leaders-league-iberian-summit-awards\/\",\"url\":\"https:\/\/www.portobellocapital.es\/en\/victor-viros-at-the-leaders-league-iberian-summit-awards\/\",\"name\":\"V\u00edctor Vir\u00f3s at The Leaders League Iberian Summit & Awards &#8212; Portobello\",\"isPartOf\":{\"@id\":\"https:\/\/www.portobellocapital.es\/en\/#website\"},\"primaryImageOfPage\":{\"@id\":\"https:\/\/www.portobellocapital.es\/en\/victor-viros-at-the-leaders-league-iberian-summit-awards\/#primaryimage\"},\"image\":{\"@id\":\"https:\/\/www.portobellocapital.es\/en\/victor-viros-at-the-leaders-league-iberian-summit-awards\/#primaryimage\"},\"thumbnailUrl\":\"https:\/\/www.portobellocapital.es\/wp-content\/uploads\/2024\/03\/iberian-summit-awards-2024-00205-450x285.jpg\",\"datePublished\":\"2024-03-14T12:34:57+00:00\",\"dateModified\":\"2024-03-19T12:36:12+00:00\",\"breadcrumb\":{\"@id\":\"https:\/\/www.portobellocapital.es\/en\/victor-viros-at-the-leaders-league-iberian-summit-awards\/#breadcrumb\"},\"inLanguage\":\"en-US\",\"potentialAction\":[{\"@type\":\"ReadAction\",\"target\":[\"https:\/\/www.portobellocapital.es\/en\/victor-viros-at-the-leaders-league-iberian-summit-awards\/\"]}]},{\"@type\":\"ImageObject\",\"inLanguage\":\"en-US\",\"@id\":\"https:\/\/www.portobellocapital.es\/en\/victor-viros-at-the-leaders-league-iberian-summit-awards\/#primaryimage\",\"url\":\"https:\/\/www.portobellocapital.es\/wp-content\/uploads\/2024\/03\/iberian-summit-awards-2024-00205.jpg\",\"contentUrl\":\"https:\/\/www.portobellocapital.es\/wp-content\/uploads\/2024\/03\/iberian-summit-awards-2024-00205.jpg\",\"width\":1235,\"height\":783},{\"@type\":\"BreadcrumbList\",\"@id\":\"https:\/\/www.portobellocapital.es\/en\/victor-viros-at-the-leaders-league-iberian-summit-awards\/#breadcrumb\",\"itemListElement\":[{\"@type\":\"ListItem\",\"position\":1,\"name\":\"Portada\",\"item\":\"https:\/\/www.portobellocapital.es\/en\/\"},{\"@type\":\"ListItem\",\"position\":2,\"name\":\"V\u00edctor Vir\u00f3s at The Leaders League Iberian Summit &#038; Awards\"}]},{\"@type\":\"WebSite\",\"@id\":\"https:\/\/www.portobellocapital.es\/en\/#website\",\"url\":\"https:\/\/www.portobellocapital.es\/en\/\",\"name\":\"Portobello\",\"description\":\"\",\"publisher\":{\"@id\":\"https:\/\/www.portobellocapital.es\/en\/#organization\"},\"potentialAction\":[{\"@type\":\"SearchAction\",\"target\":{\"@type\":\"EntryPoint\",\"urlTemplate\":\"https:\/\/www.portobellocapital.es\/en\/?s={search_term_string}\"},\"query-input\":\"required name=search_term_string\"}],\"inLanguage\":\"en-US\"},{\"@type\":\"Organization\",\"@id\":\"https:\/\/www.portobellocapital.es\/en\/#organization\",\"name\":\"Portobello Capital\",\"url\":\"https:\/\/www.portobellocapital.es\/en\/\",\"logo\":{\"@type\":\"ImageObject\",\"inLanguage\":\"en-US\",\"@id\":\"https:\/\/www.portobellocapital.es\/en\/#\/schema\/logo\/image\/\",\"url\":\"http:\/\/www.portobellocapital.es\/wp-content\/uploads\/2020\/09\/favicon_Portobello.jpg\",\"contentUrl\":\"http:\/\/www.portobellocapital.es\/wp-content\/uploads\/2020\/09\/favicon_Portobello.jpg\",\"width\":512,\"height\":512,\"caption\":\"Portobello Capital\"},\"image\":{\"@id\":\"https:\/\/www.portobellocapital.es\/en\/#\/schema\/logo\/image\/\"}},{\"@type\":\"Person\",\"@id\":\"https:\/\/www.portobellocapital.es\/en\/#\/schema\/person\/9db3bc5a273795dc562c433b43553bbd\",\"name\":\"carolina\",\"image\":{\"@type\":\"ImageObject\",\"inLanguage\":\"en-US\",\"@id\":\"https:\/\/www.portobellocapital.es\/en\/#\/schema\/person\/image\/\",\"url\":\"https:\/\/secure.gravatar.com\/avatar\/1ba486b747f9976cf6392b0ed08895bb?s=96&d=mm&r=g\",\"contentUrl\":\"https:\/\/secure.gravatar.com\/avatar\/1ba486b747f9976cf6392b0ed08895bb?s=96&d=mm&r=g\",\"caption\":\"carolina\"}}]}<\/script>\n<!-- \/ Yoast SEO plugin. -->","yoast_head_json":{"title":"V\u00edctor Vir\u00f3s at The Leaders League Iberian Summit & Awards &#8212; Portobello","robots":{"index":"index","follow":"follow","max-snippet":"max-snippet:-1","max-image-preview":"max-image-preview:large","max-video-preview":"max-video-preview:-1"},"canonical":"https:\/\/www.portobellocapital.es\/en\/victor-viros-at-the-leaders-league-iberian-summit-awards\/","og_locale":"en_US","og_type":"article","og_title":"V\u00edctor Vir\u00f3s at The Leaders League Iberian Summit & Awards &#8212; Portobello","og_description":"V\u00edctor Vir\u00f3s, speaker in the Private Equity: Value Creation in Spain panel organized by The\u00a0Leaders League Iberian Summit &amp; Awards. This event brings together over 250 business professionals from leading companies, law firms and investment funds in Spain and Portugal to share knowledge, best practices, seek new opportunities and to award excellence.","og_url":"https:\/\/www.portobellocapital.es\/en\/victor-viros-at-the-leaders-league-iberian-summit-awards\/","og_site_name":"Portobello","article_published_time":"2024-03-14T12:34:57+00:00","article_modified_time":"2024-03-19T12:36:12+00:00","og_image":[{"url":"https:\/\/www.portobellocapital.es\/wp-content\/uploads\/2024\/03\/iberian-summit-awards-2024-00205-450x285.jpg"}],"author":"carolina","twitter_card":"summary_large_image","twitter_misc":{"Written by":"carolina","Est. reading time":"1 minute"},"schema":{"@context":"https:\/\/schema.org","@graph":[{"@type":"Article","@id":"https:\/\/www.portobellocapital.es\/en\/victor-viros-at-the-leaders-league-iberian-summit-awards\/#article","isPartOf":{"@id":"https:\/\/www.portobellocapital.es\/en\/victor-viros-at-the-leaders-league-iberian-summit-awards\/"},"author":{"name":"carolina","@id":"https:\/\/www.portobellocapital.es\/en\/#\/schema\/person\/9db3bc5a273795dc562c433b43553bbd"},"headline":"V\u00edctor Vir\u00f3s at The Leaders League Iberian Summit &#038; Awards","datePublished":"2024-03-14T12:34:57+00:00","dateModified":"2024-03-19T12:36:12+00:00","mainEntityOfPage":{"@id":"https:\/\/www.portobellocapital.es\/en\/victor-viros-at-the-leaders-league-iberian-summit-awards\/"},"wordCount":65,"publisher":{"@id":"https:\/\/www.portobellocapital.es\/en\/#organization"},"image":{"@id":"https:\/\/www.portobellocapital.es\/en\/victor-viros-at-the-leaders-league-iberian-summit-awards\/#primaryimage"},"thumbnailUrl":"https:\/\/www.portobellocapital.es\/wp-content\/uploads\/2024\/03\/iberian-summit-awards-2024-00205-450x285.jpg","articleSection":["Portobello news"],"inLanguage":"en-US"},{"@type":"WebPage","@id":"https:\/\/www.portobellocapital.es\/en\/victor-viros-at-the-leaders-league-iberian-summit-awards\/","url":"https:\/\/www.portobellocapital.es\/en\/victor-viros-at-the-leaders-league-iberian-summit-awards\/","name":"V\u00edctor Vir\u00f3s at The Leaders League Iberian Summit & Awards &#8212; Portobello","isPartOf":{"@id":"https:\/\/www.portobellocapital.es\/en\/#website"},"primaryImageOfPage":{"@id":"https:\/\/www.portobellocapital.es\/en\/victor-viros-at-the-leaders-league-iberian-summit-awards\/#primaryimage"},"image":{"@id":"https:\/\/www.portobellocapital.es\/en\/victor-viros-at-the-leaders-league-iberian-summit-awards\/#primaryimage"},"thumbnailUrl":"https:\/\/www.portobellocapital.es\/wp-content\/uploads\/2024\/03\/iberian-summit-awards-2024-00205-450x285.jpg","datePublished":"2024-03-14T12:34:57+00:00","dateModified":"2024-03-19T12:36:12+00:00","breadcrumb":{"@id":"https:\/\/www.portobellocapital.es\/en\/victor-viros-at-the-leaders-league-iberian-summit-awards\/#breadcrumb"},"inLanguage":"en-US","potentialAction":[{"@type":"ReadAction","target":["https:\/\/www.portobellocapital.es\/en\/victor-viros-at-the-leaders-league-iberian-summit-awards\/"]}]},{"@type":"ImageObject","inLanguage":"en-US","@id":"https:\/\/www.portobellocapital.es\/en\/victor-viros-at-the-leaders-league-iberian-summit-awards\/#primaryimage","url":"https:\/\/www.portobellocapital.es\/wp-content\/uploads\/2024\/03\/iberian-summit-awards-2024-00205.jpg","contentUrl":"https:\/\/www.portobellocapital.es\/wp-content\/uploads\/2024\/03\/iberian-summit-awards-2024-00205.jpg","width":1235,"height":783},{"@type":"BreadcrumbList","@id":"https:\/\/www.portobellocapital.es\/en\/victor-viros-at-the-leaders-league-iberian-summit-awards\/#breadcrumb","itemListElement":[{"@type":"ListItem","position":1,"name":"Portada","item":"https:\/\/www.portobellocapital.es\/en\/"},{"@type":"ListItem","position":2,"name":"V\u00edctor Vir\u00f3s at The Leaders League Iberian Summit &#038; Awards"}]},{"@type":"WebSite","@id":"https:\/\/www.portobellocapital.es\/en\/#website","url":"https:\/\/www.portobellocapital.es\/en\/","name":"Portobello","description":"","publisher":{"@id":"https:\/\/www.portobellocapital.es\/en\/#organization"},"potentialAction":[{"@type":"SearchAction","target":{"@type":"EntryPoint","urlTemplate":"https:\/\/www.portobellocapital.es\/en\/?s={search_term_string}"},"query-input":"required name=search_term_string"}],"inLanguage":"en-US"},{"@type":"Organization","@id":"https:\/\/www.portobellocapital.es\/en\/#organization","name":"Portobello Capital","url":"https:\/\/www.portobellocapital.es\/en\/","logo":{"@type":"ImageObject","inLanguage":"en-US","@id":"https:\/\/www.portobellocapital.es\/en\/#\/schema\/logo\/image\/","url":"http:\/\/www.portobellocapital.es\/wp-content\/uploads\/2020\/09\/favicon_Portobello.jpg","contentUrl":"http:\/\/www.portobellocapital.es\/wp-content\/uploads\/2020\/09\/favicon_Portobello.jpg","width":512,"height":512,"caption":"Portobello Capital"},"image":{"@id":"https:\/\/www.portobellocapital.es\/en\/#\/schema\/logo\/image\/"}},{"@type":"Person","@id":"https:\/\/www.portobellocapital.es\/en\/#\/schema\/person\/9db3bc5a273795dc562c433b43553bbd","name":"carolina","image":{"@type":"ImageObject","inLanguage":"en-US","@id":"https:\/\/www.portobellocapital.es\/en\/#\/schema\/person\/image\/","url":"https:\/\/secure.gravatar.com\/avatar\/1ba486b747f9976cf6392b0ed08895bb?s=96&d=mm&r=g","contentUrl":"https:\/\/secure.gravatar.com\/avatar\/1ba486b747f9976cf6392b0ed08895bb?s=96&d=mm&r=g","caption":"carolina"}}]}},"_links":{"self":[{"href":"https:\/\/www.portobellocapital.es\/en\/wp-json\/wp\/v2\/posts\/17095"}],"collection":[{"href":"https:\/\/www.portobellocapital.es\/en\/wp-json\/wp\/v2\/posts"}],"about":[{"href":"https:\/\/www.portobellocapital.es\/en\/wp-json\/wp\/v2\/types\/post"}],"author":[{"embeddable":true,"href":"https:\/\/www.portobellocapital.es\/en\/wp-json\/wp\/v2\/users\/3"}],"replies":[{"embeddable":true,"href":"https:\/\/www.portobellocapital.es\/en\/wp-json\/wp\/v2\/comments?post=17095"}],"version-history":[{"count":1,"href":"https:\/\/www.portobellocapital.es\/en\/wp-json\/wp\/v2\/posts\/17095\/revisions"}],"predecessor-version":[{"id":17096,"href":"https:\/\/www.portobellocapital.es\/en\/wp-json\/wp\/v2\/posts\/17095\/revisions\/17096"}],"wp:attachment":[{"href":"https:\/\/www.portobellocapital.es\/en\/wp-json\/wp\/v2\/media?parent=17095"}],"wp:term":[{"taxonomy":"category","embeddable":true,"href":"https:\/\/www.portobellocapital.es\/en\/wp-json\/wp\/v2\/categories?post=17095"},{"taxonomy":"post_tag","embeddable":true,"href":"https:\/\/www.portobellocapital.es\/en\/wp-json\/wp\/v2\/tags?post=17095"}],"curies":[{"name":"wp","href":"https:\/\/api.w.org\/{rel}","templated":true}]}}