{"id":16878,"date":"2023-11-14T10:46:06","date_gmt":"2023-11-14T09:46:06","guid":{"rendered":"https:\/\/www.portobellocapital.es\/?p=16878"},"modified":"2023-11-14T10:49:48","modified_gmt":"2023-11-14T09:49:48","slug":"16878","status":"publish","type":"post","link":"https:\/\/www.portobellocapital.es\/en\/16878\/","title":{"rendered":"Portobello Carbono Verde at the Global Carbon Markets Conference of S&#038;P Global Commodity Insights in Par\u00eds"},"content":{"rendered":"<p>Last week we had the opportunity to present our reforestation project at the 2023 Carbon Markets Conference organized S&amp;P Global Commodity Insights in Paris.<\/p>\n<p>It was a remarkable industry event where we were able to discuss the latest trends in Carbon Markets, to learn about new exciting projects in the market and to exchange views with other stakeholders in the industry.<\/p>\n<p>Thank you very much S&amp;P Global Commodity Insights for the impeccable organization of the event and for the invitation!<\/p>\n<p>At the conference, Portobello Capital (represented by Joan Llans\u00f3 Caldentey), Fundaci\u00f3n Repsol (represented by Javier Torres Perez) and Grupo SYLVESTRIS (represented by Jaime de R\u00e1bago) were able to present our project Motor Verde and our pioneer reforestation fund, Portobello Carbono Verde SCR.<\/p>\n<p>The three sponsors of this unique project were able to talk about the inception of such a pioneer model, about how we have scaled the project in the last year and about our ambitious goals for the future.<\/p>\n<p>\u201cPortobello Carbono Verde is the first reforestation fund of its kind in Europe. It is a unique investment vehicle structured to develop large-scale reforestation projects in Spain and Portugal. The fund was launched in 2022, with a total reforestation goal of up to 25,000 hectares and a carbon sequestration potential of up to 6 million tons of CO2. Through this project we are driving a triple impact in the regions where we operate: (1) environmental, through the restoration of biodiversity in the area, (2) economic, through the injection of economic activity, and (3) social, throughfostering vulnerable employment in depressed areas.\u201d &#8211; Joan Llans\u00f3 Caldentey, Investment Director at Portobello Capital.<\/p>\n<p>&nbsp;<\/p>\n<p><img loading=\"lazy\" decoding=\"async\" width=\"450\" height=\"300\" class=\"alignnone size-medium wp-image-16879\" src=\"https:\/\/www.portobellocapital.es\/wp-content\/uploads\/2023\/11\/SP-Global-1-450x300.jpg\" alt=\"\" srcset=\"https:\/\/www.portobellocapital.es\/wp-content\/uploads\/2023\/11\/SP-Global-1-450x300.jpg 450w, https:\/\/www.portobellocapital.es\/wp-content\/uploads\/2023\/11\/SP-Global-1-768x512.jpg 768w, https:\/\/www.portobellocapital.es\/wp-content\/uploads\/2023\/11\/SP-Global-1-1536x1024.jpg 1536w, https:\/\/www.portobellocapital.es\/wp-content\/uploads\/2023\/11\/SP-Global-1-2048x1365.jpg 2048w, https:\/\/www.portobellocapital.es\/wp-content\/uploads\/2023\/11\/SP-Global-1-200x133.jpg 200w\" sizes=\"(max-width: 450px) 100vw, 450px\" \/> \u00a0<img loading=\"lazy\" decoding=\"async\" width=\"450\" height=\"300\" class=\"alignnone size-medium wp-image-16883\" src=\"https:\/\/www.portobellocapital.es\/wp-content\/uploads\/2023\/11\/SP-Global-210-450x300.jpg\" alt=\"\" srcset=\"https:\/\/www.portobellocapital.es\/wp-content\/uploads\/2023\/11\/SP-Global-210-450x300.jpg 450w, https:\/\/www.portobellocapital.es\/wp-content\/uploads\/2023\/11\/SP-Global-210-768x512.jpg 768w, https:\/\/www.portobellocapital.es\/wp-content\/uploads\/2023\/11\/SP-Global-210-1536x1024.jpg 1536w, https:\/\/www.portobellocapital.es\/wp-content\/uploads\/2023\/11\/SP-Global-210-2048x1365.jpg 2048w, https:\/\/www.portobellocapital.es\/wp-content\/uploads\/2023\/11\/SP-Global-210-200x133.jpg 200w\" sizes=\"(max-width: 450px) 100vw, 450px\" \/> \u00a0<img loading=\"lazy\" decoding=\"async\" width=\"450\" height=\"300\" class=\"alignnone size-medium wp-image-16885\" src=\"https:\/\/www.portobellocapital.es\/wp-content\/uploads\/2023\/11\/SP-Global-211-450x300.jpg\" alt=\"\" srcset=\"https:\/\/www.portobellocapital.es\/wp-content\/uploads\/2023\/11\/SP-Global-211-450x300.jpg 450w, https:\/\/www.portobellocapital.es\/wp-content\/uploads\/2023\/11\/SP-Global-211-768x512.jpg 768w, https:\/\/www.portobellocapital.es\/wp-content\/uploads\/2023\/11\/SP-Global-211-1536x1024.jpg 1536w, https:\/\/www.portobellocapital.es\/wp-content\/uploads\/2023\/11\/SP-Global-211-2048x1365.jpg 2048w, https:\/\/www.portobellocapital.es\/wp-content\/uploads\/2023\/11\/SP-Global-211-200x133.jpg 200w\" sizes=\"(max-width: 450px) 100vw, 450px\" \/><\/p>\n","protected":false},"excerpt":{"rendered":"Last week we had the opportunity to present our reforestation project at the 2023 Carbon Markets Conference organized S&amp;P Global Commodity Insights in Paris. It was a remarkable industry event where we were able to discuss the latest trends in Carbon Markets, to learn about new exciting projects in the market and to exchange views&#8230; <a class=\"view-article\" href=\"https:\/\/www.portobellocapital.es\/en\/16878\/\">View Article<\/a>","protected":false},"author":3,"featured_media":0,"comment_status":"closed","ping_status":"closed","sticky":false,"template":"","format":"standard","meta":{"_acf_changed":false,"footnotes":""},"categories":[118],"tags":[],"acf":[],"yoast_head":"<!-- This site is optimized with the Yoast SEO plugin v22.2 - https:\/\/yoast.com\/wordpress\/plugins\/seo\/ -->\n<title>Portobello Carbono Verde at the Global Carbon Markets Conference of S&amp;P Global Commodity Insights in Par\u00eds &#8212; Portobello<\/title>\n<meta name=\"robots\" content=\"index, follow, max-snippet:-1, max-image-preview:large, max-video-preview:-1\" \/>\n<link rel=\"canonical\" href=\"https:\/\/www.portobellocapital.es\/en\/16878\/\" \/>\n<meta property=\"og:locale\" content=\"en_US\" \/>\n<meta property=\"og:type\" content=\"article\" \/>\n<meta property=\"og:title\" content=\"Portobello Carbono Verde at the Global Carbon Markets Conference of S&amp;P Global Commodity Insights in Par\u00eds &#8212; Portobello\" \/>\n<meta property=\"og:description\" content=\"Last week we had the opportunity to present our reforestation project at the 2023 Carbon Markets Conference organized S&amp;P Global Commodity Insights in Paris. It was a remarkable industry event where we were able to discuss the latest trends in Carbon Markets, to learn about new exciting projects in the market and to exchange views... View Article\" \/>\n<meta property=\"og:url\" content=\"https:\/\/www.portobellocapital.es\/en\/16878\/\" \/>\n<meta property=\"og:site_name\" content=\"Portobello\" \/>\n<meta property=\"article:published_time\" content=\"2023-11-14T09:46:06+00:00\" \/>\n<meta property=\"article:modified_time\" content=\"2023-11-14T09:49:48+00:00\" \/>\n<meta property=\"og:image\" content=\"https:\/\/www.portobellocapital.es\/wp-content\/uploads\/2023\/11\/SP-Global-1-450x300.jpg\" \/>\n<meta name=\"author\" content=\"carolina\" \/>\n<meta name=\"twitter:card\" content=\"summary_large_image\" \/>\n<meta name=\"twitter:label1\" content=\"Written by\" \/>\n\t<meta name=\"twitter:data1\" content=\"carolina\" \/>\n\t<meta name=\"twitter:label2\" content=\"Est. reading time\" \/>\n\t<meta name=\"twitter:data2\" content=\"1 minute\" \/>\n<script type=\"application\/ld+json\" class=\"yoast-schema-graph\">{\"@context\":\"https:\/\/schema.org\",\"@graph\":[{\"@type\":\"Article\",\"@id\":\"https:\/\/www.portobellocapital.es\/en\/16878\/#article\",\"isPartOf\":{\"@id\":\"https:\/\/www.portobellocapital.es\/en\/16878\/\"},\"author\":{\"name\":\"carolina\",\"@id\":\"https:\/\/www.portobellocapital.es\/en\/#\/schema\/person\/9db3bc5a273795dc562c433b43553bbd\"},\"headline\":\"Portobello Carbono Verde at the Global Carbon Markets Conference of S&#038;P Global Commodity Insights in Par\u00eds\",\"datePublished\":\"2023-11-14T09:46:06+00:00\",\"dateModified\":\"2023-11-14T09:49:48+00:00\",\"mainEntityOfPage\":{\"@id\":\"https:\/\/www.portobellocapital.es\/en\/16878\/\"},\"wordCount\":287,\"publisher\":{\"@id\":\"https:\/\/www.portobellocapital.es\/en\/#organization\"},\"image\":{\"@id\":\"https:\/\/www.portobellocapital.es\/en\/16878\/#primaryimage\"},\"thumbnailUrl\":\"https:\/\/www.portobellocapital.es\/wp-content\/uploads\/2023\/11\/SP-Global-1-450x300.jpg\",\"articleSection\":[\"Portobello news\"],\"inLanguage\":\"en-US\"},{\"@type\":\"WebPage\",\"@id\":\"https:\/\/www.portobellocapital.es\/en\/16878\/\",\"url\":\"https:\/\/www.portobellocapital.es\/en\/16878\/\",\"name\":\"Portobello Carbono Verde at the Global Carbon Markets Conference of S&P Global Commodity Insights in Par\u00eds &#8212; Portobello\",\"isPartOf\":{\"@id\":\"https:\/\/www.portobellocapital.es\/en\/#website\"},\"primaryImageOfPage\":{\"@id\":\"https:\/\/www.portobellocapital.es\/en\/16878\/#primaryimage\"},\"image\":{\"@id\":\"https:\/\/www.portobellocapital.es\/en\/16878\/#primaryimage\"},\"thumbnailUrl\":\"https:\/\/www.portobellocapital.es\/wp-content\/uploads\/2023\/11\/SP-Global-1-450x300.jpg\",\"datePublished\":\"2023-11-14T09:46:06+00:00\",\"dateModified\":\"2023-11-14T09:49:48+00:00\",\"breadcrumb\":{\"@id\":\"https:\/\/www.portobellocapital.es\/en\/16878\/#breadcrumb\"},\"inLanguage\":\"en-US\",\"potentialAction\":[{\"@type\":\"ReadAction\",\"target\":[\"https:\/\/www.portobellocapital.es\/en\/16878\/\"]}]},{\"@type\":\"ImageObject\",\"inLanguage\":\"en-US\",\"@id\":\"https:\/\/www.portobellocapital.es\/en\/16878\/#primaryimage\",\"url\":\"https:\/\/www.portobellocapital.es\/wp-content\/uploads\/2023\/11\/SP-Global-1-scaled.jpg\",\"contentUrl\":\"https:\/\/www.portobellocapital.es\/wp-content\/uploads\/2023\/11\/SP-Global-1-scaled.jpg\",\"width\":2560,\"height\":1707},{\"@type\":\"BreadcrumbList\",\"@id\":\"https:\/\/www.portobellocapital.es\/en\/16878\/#breadcrumb\",\"itemListElement\":[{\"@type\":\"ListItem\",\"position\":1,\"name\":\"Portada\",\"item\":\"https:\/\/www.portobellocapital.es\/en\/\"},{\"@type\":\"ListItem\",\"position\":2,\"name\":\"Portobello Carbono Verde at the Global Carbon Markets Conference of S&#038;P Global Commodity Insights in Par\u00eds\"}]},{\"@type\":\"WebSite\",\"@id\":\"https:\/\/www.portobellocapital.es\/en\/#website\",\"url\":\"https:\/\/www.portobellocapital.es\/en\/\",\"name\":\"Portobello\",\"description\":\"\",\"publisher\":{\"@id\":\"https:\/\/www.portobellocapital.es\/en\/#organization\"},\"potentialAction\":[{\"@type\":\"SearchAction\",\"target\":{\"@type\":\"EntryPoint\",\"urlTemplate\":\"https:\/\/www.portobellocapital.es\/en\/?s={search_term_string}\"},\"query-input\":\"required name=search_term_string\"}],\"inLanguage\":\"en-US\"},{\"@type\":\"Organization\",\"@id\":\"https:\/\/www.portobellocapital.es\/en\/#organization\",\"name\":\"Portobello Capital\",\"url\":\"https:\/\/www.portobellocapital.es\/en\/\",\"logo\":{\"@type\":\"ImageObject\",\"inLanguage\":\"en-US\",\"@id\":\"https:\/\/www.portobellocapital.es\/en\/#\/schema\/logo\/image\/\",\"url\":\"http:\/\/www.portobellocapital.es\/wp-content\/uploads\/2020\/09\/favicon_Portobello.jpg\",\"contentUrl\":\"http:\/\/www.portobellocapital.es\/wp-content\/uploads\/2020\/09\/favicon_Portobello.jpg\",\"width\":512,\"height\":512,\"caption\":\"Portobello Capital\"},\"image\":{\"@id\":\"https:\/\/www.portobellocapital.es\/en\/#\/schema\/logo\/image\/\"}},{\"@type\":\"Person\",\"@id\":\"https:\/\/www.portobellocapital.es\/en\/#\/schema\/person\/9db3bc5a273795dc562c433b43553bbd\",\"name\":\"carolina\",\"image\":{\"@type\":\"ImageObject\",\"inLanguage\":\"en-US\",\"@id\":\"https:\/\/www.portobellocapital.es\/en\/#\/schema\/person\/image\/\",\"url\":\"https:\/\/secure.gravatar.com\/avatar\/1ba486b747f9976cf6392b0ed08895bb?s=96&d=mm&r=g\",\"contentUrl\":\"https:\/\/secure.gravatar.com\/avatar\/1ba486b747f9976cf6392b0ed08895bb?s=96&d=mm&r=g\",\"caption\":\"carolina\"}}]}<\/script>\n<!-- \/ Yoast SEO plugin. -->","yoast_head_json":{"title":"Portobello Carbono Verde at the Global Carbon Markets Conference of S&P Global Commodity Insights in Par\u00eds &#8212; Portobello","robots":{"index":"index","follow":"follow","max-snippet":"max-snippet:-1","max-image-preview":"max-image-preview:large","max-video-preview":"max-video-preview:-1"},"canonical":"https:\/\/www.portobellocapital.es\/en\/16878\/","og_locale":"en_US","og_type":"article","og_title":"Portobello Carbono Verde at the Global Carbon Markets Conference of S&P Global Commodity Insights in Par\u00eds &#8212; Portobello","og_description":"Last week we had the opportunity to present our reforestation project at the 2023 Carbon Markets Conference organized S&amp;P Global Commodity Insights in Paris. It was a remarkable industry event where we were able to discuss the latest trends in Carbon Markets, to learn about new exciting projects in the market and to exchange views... View Article","og_url":"https:\/\/www.portobellocapital.es\/en\/16878\/","og_site_name":"Portobello","article_published_time":"2023-11-14T09:46:06+00:00","article_modified_time":"2023-11-14T09:49:48+00:00","og_image":[{"url":"https:\/\/www.portobellocapital.es\/wp-content\/uploads\/2023\/11\/SP-Global-1-450x300.jpg"}],"author":"carolina","twitter_card":"summary_large_image","twitter_misc":{"Written by":"carolina","Est. reading time":"1 minute"},"schema":{"@context":"https:\/\/schema.org","@graph":[{"@type":"Article","@id":"https:\/\/www.portobellocapital.es\/en\/16878\/#article","isPartOf":{"@id":"https:\/\/www.portobellocapital.es\/en\/16878\/"},"author":{"name":"carolina","@id":"https:\/\/www.portobellocapital.es\/en\/#\/schema\/person\/9db3bc5a273795dc562c433b43553bbd"},"headline":"Portobello Carbono Verde at the Global Carbon Markets Conference of S&#038;P Global Commodity Insights in Par\u00eds","datePublished":"2023-11-14T09:46:06+00:00","dateModified":"2023-11-14T09:49:48+00:00","mainEntityOfPage":{"@id":"https:\/\/www.portobellocapital.es\/en\/16878\/"},"wordCount":287,"publisher":{"@id":"https:\/\/www.portobellocapital.es\/en\/#organization"},"image":{"@id":"https:\/\/www.portobellocapital.es\/en\/16878\/#primaryimage"},"thumbnailUrl":"https:\/\/www.portobellocapital.es\/wp-content\/uploads\/2023\/11\/SP-Global-1-450x300.jpg","articleSection":["Portobello news"],"inLanguage":"en-US"},{"@type":"WebPage","@id":"https:\/\/www.portobellocapital.es\/en\/16878\/","url":"https:\/\/www.portobellocapital.es\/en\/16878\/","name":"Portobello Carbono Verde at the Global Carbon Markets Conference of S&P Global Commodity Insights in Par\u00eds &#8212; Portobello","isPartOf":{"@id":"https:\/\/www.portobellocapital.es\/en\/#website"},"primaryImageOfPage":{"@id":"https:\/\/www.portobellocapital.es\/en\/16878\/#primaryimage"},"image":{"@id":"https:\/\/www.portobellocapital.es\/en\/16878\/#primaryimage"},"thumbnailUrl":"https:\/\/www.portobellocapital.es\/wp-content\/uploads\/2023\/11\/SP-Global-1-450x300.jpg","datePublished":"2023-11-14T09:46:06+00:00","dateModified":"2023-11-14T09:49:48+00:00","breadcrumb":{"@id":"https:\/\/www.portobellocapital.es\/en\/16878\/#breadcrumb"},"inLanguage":"en-US","potentialAction":[{"@type":"ReadAction","target":["https:\/\/www.portobellocapital.es\/en\/16878\/"]}]},{"@type":"ImageObject","inLanguage":"en-US","@id":"https:\/\/www.portobellocapital.es\/en\/16878\/#primaryimage","url":"https:\/\/www.portobellocapital.es\/wp-content\/uploads\/2023\/11\/SP-Global-1-scaled.jpg","contentUrl":"https:\/\/www.portobellocapital.es\/wp-content\/uploads\/2023\/11\/SP-Global-1-scaled.jpg","width":2560,"height":1707},{"@type":"BreadcrumbList","@id":"https:\/\/www.portobellocapital.es\/en\/16878\/#breadcrumb","itemListElement":[{"@type":"ListItem","position":1,"name":"Portada","item":"https:\/\/www.portobellocapital.es\/en\/"},{"@type":"ListItem","position":2,"name":"Portobello Carbono Verde at the Global Carbon Markets Conference of S&#038;P Global Commodity Insights in Par\u00eds"}]},{"@type":"WebSite","@id":"https:\/\/www.portobellocapital.es\/en\/#website","url":"https:\/\/www.portobellocapital.es\/en\/","name":"Portobello","description":"","publisher":{"@id":"https:\/\/www.portobellocapital.es\/en\/#organization"},"potentialAction":[{"@type":"SearchAction","target":{"@type":"EntryPoint","urlTemplate":"https:\/\/www.portobellocapital.es\/en\/?s={search_term_string}"},"query-input":"required name=search_term_string"}],"inLanguage":"en-US"},{"@type":"Organization","@id":"https:\/\/www.portobellocapital.es\/en\/#organization","name":"Portobello Capital","url":"https:\/\/www.portobellocapital.es\/en\/","logo":{"@type":"ImageObject","inLanguage":"en-US","@id":"https:\/\/www.portobellocapital.es\/en\/#\/schema\/logo\/image\/","url":"http:\/\/www.portobellocapital.es\/wp-content\/uploads\/2020\/09\/favicon_Portobello.jpg","contentUrl":"http:\/\/www.portobellocapital.es\/wp-content\/uploads\/2020\/09\/favicon_Portobello.jpg","width":512,"height":512,"caption":"Portobello Capital"},"image":{"@id":"https:\/\/www.portobellocapital.es\/en\/#\/schema\/logo\/image\/"}},{"@type":"Person","@id":"https:\/\/www.portobellocapital.es\/en\/#\/schema\/person\/9db3bc5a273795dc562c433b43553bbd","name":"carolina","image":{"@type":"ImageObject","inLanguage":"en-US","@id":"https:\/\/www.portobellocapital.es\/en\/#\/schema\/person\/image\/","url":"https:\/\/secure.gravatar.com\/avatar\/1ba486b747f9976cf6392b0ed08895bb?s=96&d=mm&r=g","contentUrl":"https:\/\/secure.gravatar.com\/avatar\/1ba486b747f9976cf6392b0ed08895bb?s=96&d=mm&r=g","caption":"carolina"}}]}},"_links":{"self":[{"href":"https:\/\/www.portobellocapital.es\/en\/wp-json\/wp\/v2\/posts\/16878"}],"collection":[{"href":"https:\/\/www.portobellocapital.es\/en\/wp-json\/wp\/v2\/posts"}],"about":[{"href":"https:\/\/www.portobellocapital.es\/en\/wp-json\/wp\/v2\/types\/post"}],"author":[{"embeddable":true,"href":"https:\/\/www.portobellocapital.es\/en\/wp-json\/wp\/v2\/users\/3"}],"replies":[{"embeddable":true,"href":"https:\/\/www.portobellocapital.es\/en\/wp-json\/wp\/v2\/comments?post=16878"}],"version-history":[{"count":3,"href":"https:\/\/www.portobellocapital.es\/en\/wp-json\/wp\/v2\/posts\/16878\/revisions"}],"predecessor-version":[{"id":16889,"href":"https:\/\/www.portobellocapital.es\/en\/wp-json\/wp\/v2\/posts\/16878\/revisions\/16889"}],"wp:attachment":[{"href":"https:\/\/www.portobellocapital.es\/en\/wp-json\/wp\/v2\/media?parent=16878"}],"wp:term":[{"taxonomy":"category","embeddable":true,"href":"https:\/\/www.portobellocapital.es\/en\/wp-json\/wp\/v2\/categories?post=16878"},{"taxonomy":"post_tag","embeddable":true,"href":"https:\/\/www.portobellocapital.es\/en\/wp-json\/wp\/v2\/tags?post=16878"}],"curies":[{"name":"wp","href":"https:\/\/api.w.org\/{rel}","templated":true}]}}