{"id":15946,"date":"2023-05-10T18:42:53","date_gmt":"2023-05-10T16:42:53","guid":{"rendered":"https:\/\/www.portobellocapital.es\/?p=15946"},"modified":"2023-06-12T12:22:59","modified_gmt":"2023-06-12T10:22:59","slug":"fundacion-legalitas-celebrates-its-10th-anniversary","status":"publish","type":"post","link":"https:\/\/www.portobellocapital.es\/en\/fundacion-legalitas-celebrates-its-10th-anniversary\/","title":{"rendered":"Fundaci\u00f3n Leg\u00e1litas celebrates its 10th Anniversary"},"content":{"rendered":"<p>Fundaci\u00f3n Leg\u00e1litas celebrated yesterday 10 years of social commitment supporting the most vulnerable groups in society, promoting the culture of preventive legal advice and improving people&#8217;s wellbeing.<\/p>\n<p>The event was attended by representatives of institutions and companies with which the foundation has collaborated over the years.<\/p>\n<p><strong><a href=\"https:\/\/www.europapress.es\/comunicados\/sociedad-00909\/noticia-comunicado-fundacion-legalitas-celebra-decimo-aniversario-20230510132830.html\">Europapress<\/a><\/strong><\/p>\n","protected":false},"excerpt":{"rendered":"Fundaci\u00f3n Leg\u00e1litas celebrated yesterday 10 years of social commitment supporting the most vulnerable groups in society, promoting the culture of preventive legal advice and improving people&#8217;s wellbeing. The event was attended by representatives of institutions and companies with which the foundation has collaborated over the years. Europapress","protected":false},"author":3,"featured_media":0,"comment_status":"closed","ping_status":"closed","sticky":false,"template":"","format":"standard","meta":{"_acf_changed":false,"footnotes":""},"categories":[117],"tags":[],"acf":[],"yoast_head":"<!-- This site is optimized with the Yoast SEO plugin v22.2 - https:\/\/yoast.com\/wordpress\/plugins\/seo\/ -->\n<title>Fundaci\u00f3n Leg\u00e1litas celebrates its 10th Anniversary &#8212; Portobello<\/title>\n<meta name=\"robots\" content=\"index, follow, max-snippet:-1, max-image-preview:large, max-video-preview:-1\" \/>\n<link rel=\"canonical\" href=\"https:\/\/www.portobellocapital.es\/en\/fundacion-legalitas-celebrates-its-10th-anniversary\/\" \/>\n<meta property=\"og:locale\" content=\"en_US\" \/>\n<meta property=\"og:type\" content=\"article\" \/>\n<meta property=\"og:title\" content=\"Fundaci\u00f3n Leg\u00e1litas celebrates its 10th Anniversary &#8212; Portobello\" \/>\n<meta property=\"og:description\" content=\"Fundaci\u00f3n Leg\u00e1litas celebrated yesterday 10 years of social commitment supporting the most vulnerable groups in society, promoting the culture of preventive legal advice and improving people&#8217;s wellbeing. The event was attended by representatives of institutions and companies with which the foundation has collaborated over the years. Europapress\" \/>\n<meta property=\"og:url\" content=\"https:\/\/www.portobellocapital.es\/en\/fundacion-legalitas-celebrates-its-10th-anniversary\/\" \/>\n<meta property=\"og:site_name\" content=\"Portobello\" \/>\n<meta property=\"article:published_time\" content=\"2023-05-10T16:42:53+00:00\" \/>\n<meta property=\"article:modified_time\" content=\"2023-06-12T10:22:59+00:00\" \/>\n<meta name=\"author\" content=\"carolina\" \/>\n<meta name=\"twitter:card\" content=\"summary_large_image\" \/>\n<meta name=\"twitter:label1\" content=\"Written by\" \/>\n\t<meta name=\"twitter:data1\" content=\"carolina\" \/>\n<script type=\"application\/ld+json\" class=\"yoast-schema-graph\">{\"@context\":\"https:\/\/schema.org\",\"@graph\":[{\"@type\":\"Article\",\"@id\":\"https:\/\/www.portobellocapital.es\/en\/fundacion-legalitas-celebrates-its-10th-anniversary\/#article\",\"isPartOf\":{\"@id\":\"https:\/\/www.portobellocapital.es\/en\/fundacion-legalitas-celebrates-its-10th-anniversary\/\"},\"author\":{\"name\":\"carolina\",\"@id\":\"https:\/\/www.portobellocapital.es\/en\/#\/schema\/person\/9db3bc5a273795dc562c433b43553bbd\"},\"headline\":\"Fundaci\u00f3n Leg\u00e1litas celebrates its 10th Anniversary\",\"datePublished\":\"2023-05-10T16:42:53+00:00\",\"dateModified\":\"2023-06-12T10:22:59+00:00\",\"mainEntityOfPage\":{\"@id\":\"https:\/\/www.portobellocapital.es\/en\/fundacion-legalitas-celebrates-its-10th-anniversary\/\"},\"wordCount\":56,\"publisher\":{\"@id\":\"https:\/\/www.portobellocapital.es\/en\/#organization\"},\"articleSection\":[\"Portfolio companies news\"],\"inLanguage\":\"en-US\"},{\"@type\":\"WebPage\",\"@id\":\"https:\/\/www.portobellocapital.es\/en\/fundacion-legalitas-celebrates-its-10th-anniversary\/\",\"url\":\"https:\/\/www.portobellocapital.es\/en\/fundacion-legalitas-celebrates-its-10th-anniversary\/\",\"name\":\"Fundaci\u00f3n Leg\u00e1litas celebrates its 10th Anniversary &#8212; Portobello\",\"isPartOf\":{\"@id\":\"https:\/\/www.portobellocapital.es\/en\/#website\"},\"datePublished\":\"2023-05-10T16:42:53+00:00\",\"dateModified\":\"2023-06-12T10:22:59+00:00\",\"breadcrumb\":{\"@id\":\"https:\/\/www.portobellocapital.es\/en\/fundacion-legalitas-celebrates-its-10th-anniversary\/#breadcrumb\"},\"inLanguage\":\"en-US\",\"potentialAction\":[{\"@type\":\"ReadAction\",\"target\":[\"https:\/\/www.portobellocapital.es\/en\/fundacion-legalitas-celebrates-its-10th-anniversary\/\"]}]},{\"@type\":\"BreadcrumbList\",\"@id\":\"https:\/\/www.portobellocapital.es\/en\/fundacion-legalitas-celebrates-its-10th-anniversary\/#breadcrumb\",\"itemListElement\":[{\"@type\":\"ListItem\",\"position\":1,\"name\":\"Portada\",\"item\":\"https:\/\/www.portobellocapital.es\/en\/\"},{\"@type\":\"ListItem\",\"position\":2,\"name\":\"Fundaci\u00f3n Leg\u00e1litas celebrates its 10th Anniversary\"}]},{\"@type\":\"WebSite\",\"@id\":\"https:\/\/www.portobellocapital.es\/en\/#website\",\"url\":\"https:\/\/www.portobellocapital.es\/en\/\",\"name\":\"Portobello\",\"description\":\"\",\"publisher\":{\"@id\":\"https:\/\/www.portobellocapital.es\/en\/#organization\"},\"potentialAction\":[{\"@type\":\"SearchAction\",\"target\":{\"@type\":\"EntryPoint\",\"urlTemplate\":\"https:\/\/www.portobellocapital.es\/en\/?s={search_term_string}\"},\"query-input\":\"required name=search_term_string\"}],\"inLanguage\":\"en-US\"},{\"@type\":\"Organization\",\"@id\":\"https:\/\/www.portobellocapital.es\/en\/#organization\",\"name\":\"Portobello Capital\",\"url\":\"https:\/\/www.portobellocapital.es\/en\/\",\"logo\":{\"@type\":\"ImageObject\",\"inLanguage\":\"en-US\",\"@id\":\"https:\/\/www.portobellocapital.es\/en\/#\/schema\/logo\/image\/\",\"url\":\"http:\/\/www.portobellocapital.es\/wp-content\/uploads\/2020\/09\/favicon_Portobello.jpg\",\"contentUrl\":\"http:\/\/www.portobellocapital.es\/wp-content\/uploads\/2020\/09\/favicon_Portobello.jpg\",\"width\":512,\"height\":512,\"caption\":\"Portobello Capital\"},\"image\":{\"@id\":\"https:\/\/www.portobellocapital.es\/en\/#\/schema\/logo\/image\/\"}},{\"@type\":\"Person\",\"@id\":\"https:\/\/www.portobellocapital.es\/en\/#\/schema\/person\/9db3bc5a273795dc562c433b43553bbd\",\"name\":\"carolina\",\"image\":{\"@type\":\"ImageObject\",\"inLanguage\":\"en-US\",\"@id\":\"https:\/\/www.portobellocapital.es\/en\/#\/schema\/person\/image\/\",\"url\":\"https:\/\/secure.gravatar.com\/avatar\/1ba486b747f9976cf6392b0ed08895bb?s=96&d=mm&r=g\",\"contentUrl\":\"https:\/\/secure.gravatar.com\/avatar\/1ba486b747f9976cf6392b0ed08895bb?s=96&d=mm&r=g\",\"caption\":\"carolina\"}}]}<\/script>\n<!-- \/ Yoast SEO plugin. -->","yoast_head_json":{"title":"Fundaci\u00f3n Leg\u00e1litas celebrates its 10th Anniversary &#8212; Portobello","robots":{"index":"index","follow":"follow","max-snippet":"max-snippet:-1","max-image-preview":"max-image-preview:large","max-video-preview":"max-video-preview:-1"},"canonical":"https:\/\/www.portobellocapital.es\/en\/fundacion-legalitas-celebrates-its-10th-anniversary\/","og_locale":"en_US","og_type":"article","og_title":"Fundaci\u00f3n Leg\u00e1litas celebrates its 10th Anniversary &#8212; Portobello","og_description":"Fundaci\u00f3n Leg\u00e1litas celebrated yesterday 10 years of social commitment supporting the most vulnerable groups in society, promoting the culture of preventive legal advice and improving people&#8217;s wellbeing. The event was attended by representatives of institutions and companies with which the foundation has collaborated over the years. Europapress","og_url":"https:\/\/www.portobellocapital.es\/en\/fundacion-legalitas-celebrates-its-10th-anniversary\/","og_site_name":"Portobello","article_published_time":"2023-05-10T16:42:53+00:00","article_modified_time":"2023-06-12T10:22:59+00:00","author":"carolina","twitter_card":"summary_large_image","twitter_misc":{"Written by":"carolina"},"schema":{"@context":"https:\/\/schema.org","@graph":[{"@type":"Article","@id":"https:\/\/www.portobellocapital.es\/en\/fundacion-legalitas-celebrates-its-10th-anniversary\/#article","isPartOf":{"@id":"https:\/\/www.portobellocapital.es\/en\/fundacion-legalitas-celebrates-its-10th-anniversary\/"},"author":{"name":"carolina","@id":"https:\/\/www.portobellocapital.es\/en\/#\/schema\/person\/9db3bc5a273795dc562c433b43553bbd"},"headline":"Fundaci\u00f3n Leg\u00e1litas celebrates its 10th Anniversary","datePublished":"2023-05-10T16:42:53+00:00","dateModified":"2023-06-12T10:22:59+00:00","mainEntityOfPage":{"@id":"https:\/\/www.portobellocapital.es\/en\/fundacion-legalitas-celebrates-its-10th-anniversary\/"},"wordCount":56,"publisher":{"@id":"https:\/\/www.portobellocapital.es\/en\/#organization"},"articleSection":["Portfolio companies news"],"inLanguage":"en-US"},{"@type":"WebPage","@id":"https:\/\/www.portobellocapital.es\/en\/fundacion-legalitas-celebrates-its-10th-anniversary\/","url":"https:\/\/www.portobellocapital.es\/en\/fundacion-legalitas-celebrates-its-10th-anniversary\/","name":"Fundaci\u00f3n Leg\u00e1litas celebrates its 10th Anniversary &#8212; Portobello","isPartOf":{"@id":"https:\/\/www.portobellocapital.es\/en\/#website"},"datePublished":"2023-05-10T16:42:53+00:00","dateModified":"2023-06-12T10:22:59+00:00","breadcrumb":{"@id":"https:\/\/www.portobellocapital.es\/en\/fundacion-legalitas-celebrates-its-10th-anniversary\/#breadcrumb"},"inLanguage":"en-US","potentialAction":[{"@type":"ReadAction","target":["https:\/\/www.portobellocapital.es\/en\/fundacion-legalitas-celebrates-its-10th-anniversary\/"]}]},{"@type":"BreadcrumbList","@id":"https:\/\/www.portobellocapital.es\/en\/fundacion-legalitas-celebrates-its-10th-anniversary\/#breadcrumb","itemListElement":[{"@type":"ListItem","position":1,"name":"Portada","item":"https:\/\/www.portobellocapital.es\/en\/"},{"@type":"ListItem","position":2,"name":"Fundaci\u00f3n Leg\u00e1litas celebrates its 10th Anniversary"}]},{"@type":"WebSite","@id":"https:\/\/www.portobellocapital.es\/en\/#website","url":"https:\/\/www.portobellocapital.es\/en\/","name":"Portobello","description":"","publisher":{"@id":"https:\/\/www.portobellocapital.es\/en\/#organization"},"potentialAction":[{"@type":"SearchAction","target":{"@type":"EntryPoint","urlTemplate":"https:\/\/www.portobellocapital.es\/en\/?s={search_term_string}"},"query-input":"required name=search_term_string"}],"inLanguage":"en-US"},{"@type":"Organization","@id":"https:\/\/www.portobellocapital.es\/en\/#organization","name":"Portobello Capital","url":"https:\/\/www.portobellocapital.es\/en\/","logo":{"@type":"ImageObject","inLanguage":"en-US","@id":"https:\/\/www.portobellocapital.es\/en\/#\/schema\/logo\/image\/","url":"http:\/\/www.portobellocapital.es\/wp-content\/uploads\/2020\/09\/favicon_Portobello.jpg","contentUrl":"http:\/\/www.portobellocapital.es\/wp-content\/uploads\/2020\/09\/favicon_Portobello.jpg","width":512,"height":512,"caption":"Portobello Capital"},"image":{"@id":"https:\/\/www.portobellocapital.es\/en\/#\/schema\/logo\/image\/"}},{"@type":"Person","@id":"https:\/\/www.portobellocapital.es\/en\/#\/schema\/person\/9db3bc5a273795dc562c433b43553bbd","name":"carolina","image":{"@type":"ImageObject","inLanguage":"en-US","@id":"https:\/\/www.portobellocapital.es\/en\/#\/schema\/person\/image\/","url":"https:\/\/secure.gravatar.com\/avatar\/1ba486b747f9976cf6392b0ed08895bb?s=96&d=mm&r=g","contentUrl":"https:\/\/secure.gravatar.com\/avatar\/1ba486b747f9976cf6392b0ed08895bb?s=96&d=mm&r=g","caption":"carolina"}}]}},"_links":{"self":[{"href":"https:\/\/www.portobellocapital.es\/en\/wp-json\/wp\/v2\/posts\/15946"}],"collection":[{"href":"https:\/\/www.portobellocapital.es\/en\/wp-json\/wp\/v2\/posts"}],"about":[{"href":"https:\/\/www.portobellocapital.es\/en\/wp-json\/wp\/v2\/types\/post"}],"author":[{"embeddable":true,"href":"https:\/\/www.portobellocapital.es\/en\/wp-json\/wp\/v2\/users\/3"}],"replies":[{"embeddable":true,"href":"https:\/\/www.portobellocapital.es\/en\/wp-json\/wp\/v2\/comments?post=15946"}],"version-history":[{"count":1,"href":"https:\/\/www.portobellocapital.es\/en\/wp-json\/wp\/v2\/posts\/15946\/revisions"}],"predecessor-version":[{"id":15947,"href":"https:\/\/www.portobellocapital.es\/en\/wp-json\/wp\/v2\/posts\/15946\/revisions\/15947"}],"wp:attachment":[{"href":"https:\/\/www.portobellocapital.es\/en\/wp-json\/wp\/v2\/media?parent=15946"}],"wp:term":[{"taxonomy":"category","embeddable":true,"href":"https:\/\/www.portobellocapital.es\/en\/wp-json\/wp\/v2\/categories?post=15946"},{"taxonomy":"post_tag","embeddable":true,"href":"https:\/\/www.portobellocapital.es\/en\/wp-json\/wp\/v2\/tags?post=15946"}],"curies":[{"name":"wp","href":"https:\/\/api.w.org\/{rel}","templated":true}]}}