{"id":15656,"date":"2022-10-05T17:43:38","date_gmt":"2022-10-05T15:43:38","guid":{"rendered":"https:\/\/www.portobellocapital.es\/?p=15656"},"modified":"2023-06-12T12:23:02","modified_gmt":"2023-06-12T10:23:02","slug":"ramon-cerdeiras-speaker-at-fundacion-integras-esg-workshop","status":"publish","type":"post","link":"https:\/\/www.portobellocapital.es\/en\/ramon-cerdeiras-speaker-at-fundacion-integras-esg-workshop\/","title":{"rendered":"Ram\u00f3n Cerdeiras, speaker at Fundaci\u00f3n Integra&#8217;s ESG workshop"},"content":{"rendered":"<p>Ram\u00f3n Cerdeiras, founding partner of Portobello Capital, participated as a speaker in the business colloquium: &#8220;Success stories in the social dimension&#8221; of the ESG workshop organized by Fundaci\u00f3n Integra: &#8220;The importance of the social dimension in business strategy&#8221;.<\/p>\n<p>A day that helped to deepen the social factors of ESG and its integration into business strategy through a benchmarking of companies that have already moved from theory to practice.<\/p>\n<p>&nbsp;<\/p>\n<p><img loading=\"lazy\" decoding=\"async\" width=\"450\" height=\"300\" class=\"alignnone size-medium wp-image-15654\" src=\"https:\/\/www.portobellocapital.es\/wp-content\/uploads\/2022\/11\/COLOQUIO-GENERAL-6-450x300.jpg\" alt=\"\" srcset=\"https:\/\/www.portobellocapital.es\/wp-content\/uploads\/2022\/11\/COLOQUIO-GENERAL-6-450x300.jpg 450w, https:\/\/www.portobellocapital.es\/wp-content\/uploads\/2022\/11\/COLOQUIO-GENERAL-6-768x512.jpg 768w, https:\/\/www.portobellocapital.es\/wp-content\/uploads\/2022\/11\/COLOQUIO-GENERAL-6-1536x1024.jpg 1536w, https:\/\/www.portobellocapital.es\/wp-content\/uploads\/2022\/11\/COLOQUIO-GENERAL-6-2048x1365.jpg 2048w, https:\/\/www.portobellocapital.es\/wp-content\/uploads\/2022\/11\/COLOQUIO-GENERAL-6-200x133.jpg 200w\" sizes=\"(max-width: 450px) 100vw, 450px\" \/><\/p>\n","protected":false},"excerpt":{"rendered":"Ram\u00f3n Cerdeiras, founding partner of Portobello Capital, participated as a speaker in the business colloquium: &#8220;Success stories in the social dimension&#8221; of the ESG workshop organized by Fundaci\u00f3n Integra: &#8220;The importance of the social dimension in business strategy&#8221;. A day that helped to deepen the social factors of ESG and its integration into business strategy&#8230; <a class=\"view-article\" href=\"https:\/\/www.portobellocapital.es\/en\/ramon-cerdeiras-speaker-at-fundacion-integras-esg-workshop\/\">View Article<\/a>","protected":false},"author":3,"featured_media":0,"comment_status":"closed","ping_status":"closed","sticky":false,"template":"","format":"standard","meta":{"_acf_changed":false,"footnotes":""},"categories":[118],"tags":[],"acf":[],"yoast_head":"<!-- This site is optimized with the Yoast SEO plugin v22.2 - https:\/\/yoast.com\/wordpress\/plugins\/seo\/ -->\n<title>Ram\u00f3n Cerdeiras, speaker at Fundaci\u00f3n Integra&#039;s ESG workshop &#8212; Portobello<\/title>\n<meta name=\"robots\" content=\"index, follow, max-snippet:-1, max-image-preview:large, max-video-preview:-1\" \/>\n<link rel=\"canonical\" href=\"https:\/\/www.portobellocapital.es\/en\/ramon-cerdeiras-speaker-at-fundacion-integras-esg-workshop\/\" \/>\n<meta property=\"og:locale\" content=\"en_US\" \/>\n<meta property=\"og:type\" content=\"article\" \/>\n<meta property=\"og:title\" content=\"Ram\u00f3n Cerdeiras, speaker at Fundaci\u00f3n Integra&#039;s ESG workshop &#8212; Portobello\" \/>\n<meta property=\"og:description\" content=\"Ram\u00f3n Cerdeiras, founding partner of Portobello Capital, participated as a speaker in the business colloquium: &#8220;Success stories in the social dimension&#8221; of the ESG workshop organized by Fundaci\u00f3n Integra: &#8220;The importance of the social dimension in business strategy&#8221;. A day that helped to deepen the social factors of ESG and its integration into business strategy... View Article\" \/>\n<meta property=\"og:url\" content=\"https:\/\/www.portobellocapital.es\/en\/ramon-cerdeiras-speaker-at-fundacion-integras-esg-workshop\/\" \/>\n<meta property=\"og:site_name\" content=\"Portobello\" \/>\n<meta property=\"article:published_time\" content=\"2022-10-05T15:43:38+00:00\" \/>\n<meta property=\"article:modified_time\" content=\"2023-06-12T10:23:02+00:00\" \/>\n<meta property=\"og:image\" content=\"https:\/\/www.portobellocapital.es\/wp-content\/uploads\/2022\/11\/COLOQUIO-GENERAL-6-450x300.jpg\" \/>\n<meta name=\"author\" content=\"carolina\" \/>\n<meta name=\"twitter:card\" content=\"summary_large_image\" \/>\n<meta name=\"twitter:label1\" content=\"Written by\" \/>\n\t<meta name=\"twitter:data1\" content=\"carolina\" \/>\n<script type=\"application\/ld+json\" class=\"yoast-schema-graph\">{\"@context\":\"https:\/\/schema.org\",\"@graph\":[{\"@type\":\"Article\",\"@id\":\"https:\/\/www.portobellocapital.es\/en\/ramon-cerdeiras-speaker-at-fundacion-integras-esg-workshop\/#article\",\"isPartOf\":{\"@id\":\"https:\/\/www.portobellocapital.es\/en\/ramon-cerdeiras-speaker-at-fundacion-integras-esg-workshop\/\"},\"author\":{\"name\":\"carolina\",\"@id\":\"https:\/\/www.portobellocapital.es\/en\/#\/schema\/person\/9db3bc5a273795dc562c433b43553bbd\"},\"headline\":\"Ram\u00f3n Cerdeiras, speaker at Fundaci\u00f3n Integra&#8217;s ESG workshop\",\"datePublished\":\"2022-10-05T15:43:38+00:00\",\"dateModified\":\"2023-06-12T10:23:02+00:00\",\"mainEntityOfPage\":{\"@id\":\"https:\/\/www.portobellocapital.es\/en\/ramon-cerdeiras-speaker-at-fundacion-integras-esg-workshop\/\"},\"wordCount\":81,\"publisher\":{\"@id\":\"https:\/\/www.portobellocapital.es\/en\/#organization\"},\"image\":{\"@id\":\"https:\/\/www.portobellocapital.es\/en\/ramon-cerdeiras-speaker-at-fundacion-integras-esg-workshop\/#primaryimage\"},\"thumbnailUrl\":\"https:\/\/www.portobellocapital.es\/wp-content\/uploads\/2022\/11\/COLOQUIO-GENERAL-6-450x300.jpg\",\"articleSection\":[\"Portobello news\"],\"inLanguage\":\"en-US\"},{\"@type\":\"WebPage\",\"@id\":\"https:\/\/www.portobellocapital.es\/en\/ramon-cerdeiras-speaker-at-fundacion-integras-esg-workshop\/\",\"url\":\"https:\/\/www.portobellocapital.es\/en\/ramon-cerdeiras-speaker-at-fundacion-integras-esg-workshop\/\",\"name\":\"Ram\u00f3n Cerdeiras, speaker at Fundaci\u00f3n Integra's ESG workshop &#8212; Portobello\",\"isPartOf\":{\"@id\":\"https:\/\/www.portobellocapital.es\/en\/#website\"},\"primaryImageOfPage\":{\"@id\":\"https:\/\/www.portobellocapital.es\/en\/ramon-cerdeiras-speaker-at-fundacion-integras-esg-workshop\/#primaryimage\"},\"image\":{\"@id\":\"https:\/\/www.portobellocapital.es\/en\/ramon-cerdeiras-speaker-at-fundacion-integras-esg-workshop\/#primaryimage\"},\"thumbnailUrl\":\"https:\/\/www.portobellocapital.es\/wp-content\/uploads\/2022\/11\/COLOQUIO-GENERAL-6-450x300.jpg\",\"datePublished\":\"2022-10-05T15:43:38+00:00\",\"dateModified\":\"2023-06-12T10:23:02+00:00\",\"breadcrumb\":{\"@id\":\"https:\/\/www.portobellocapital.es\/en\/ramon-cerdeiras-speaker-at-fundacion-integras-esg-workshop\/#breadcrumb\"},\"inLanguage\":\"en-US\",\"potentialAction\":[{\"@type\":\"ReadAction\",\"target\":[\"https:\/\/www.portobellocapital.es\/en\/ramon-cerdeiras-speaker-at-fundacion-integras-esg-workshop\/\"]}]},{\"@type\":\"ImageObject\",\"inLanguage\":\"en-US\",\"@id\":\"https:\/\/www.portobellocapital.es\/en\/ramon-cerdeiras-speaker-at-fundacion-integras-esg-workshop\/#primaryimage\",\"url\":\"https:\/\/www.portobellocapital.es\/wp-content\/uploads\/2022\/11\/COLOQUIO-GENERAL-6-scaled.jpg\",\"contentUrl\":\"https:\/\/www.portobellocapital.es\/wp-content\/uploads\/2022\/11\/COLOQUIO-GENERAL-6-scaled.jpg\",\"width\":2560,\"height\":1707},{\"@type\":\"BreadcrumbList\",\"@id\":\"https:\/\/www.portobellocapital.es\/en\/ramon-cerdeiras-speaker-at-fundacion-integras-esg-workshop\/#breadcrumb\",\"itemListElement\":[{\"@type\":\"ListItem\",\"position\":1,\"name\":\"Portada\",\"item\":\"https:\/\/www.portobellocapital.es\/en\/\"},{\"@type\":\"ListItem\",\"position\":2,\"name\":\"Ram\u00f3n Cerdeiras, speaker at Fundaci\u00f3n Integra&#8217;s ESG workshop\"}]},{\"@type\":\"WebSite\",\"@id\":\"https:\/\/www.portobellocapital.es\/en\/#website\",\"url\":\"https:\/\/www.portobellocapital.es\/en\/\",\"name\":\"Portobello\",\"description\":\"\",\"publisher\":{\"@id\":\"https:\/\/www.portobellocapital.es\/en\/#organization\"},\"potentialAction\":[{\"@type\":\"SearchAction\",\"target\":{\"@type\":\"EntryPoint\",\"urlTemplate\":\"https:\/\/www.portobellocapital.es\/en\/?s={search_term_string}\"},\"query-input\":\"required name=search_term_string\"}],\"inLanguage\":\"en-US\"},{\"@type\":\"Organization\",\"@id\":\"https:\/\/www.portobellocapital.es\/en\/#organization\",\"name\":\"Portobello Capital\",\"url\":\"https:\/\/www.portobellocapital.es\/en\/\",\"logo\":{\"@type\":\"ImageObject\",\"inLanguage\":\"en-US\",\"@id\":\"https:\/\/www.portobellocapital.es\/en\/#\/schema\/logo\/image\/\",\"url\":\"http:\/\/www.portobellocapital.es\/wp-content\/uploads\/2020\/09\/favicon_Portobello.jpg\",\"contentUrl\":\"http:\/\/www.portobellocapital.es\/wp-content\/uploads\/2020\/09\/favicon_Portobello.jpg\",\"width\":512,\"height\":512,\"caption\":\"Portobello Capital\"},\"image\":{\"@id\":\"https:\/\/www.portobellocapital.es\/en\/#\/schema\/logo\/image\/\"}},{\"@type\":\"Person\",\"@id\":\"https:\/\/www.portobellocapital.es\/en\/#\/schema\/person\/9db3bc5a273795dc562c433b43553bbd\",\"name\":\"carolina\",\"image\":{\"@type\":\"ImageObject\",\"inLanguage\":\"en-US\",\"@id\":\"https:\/\/www.portobellocapital.es\/en\/#\/schema\/person\/image\/\",\"url\":\"https:\/\/secure.gravatar.com\/avatar\/1ba486b747f9976cf6392b0ed08895bb?s=96&d=mm&r=g\",\"contentUrl\":\"https:\/\/secure.gravatar.com\/avatar\/1ba486b747f9976cf6392b0ed08895bb?s=96&d=mm&r=g\",\"caption\":\"carolina\"}}]}<\/script>\n<!-- \/ Yoast SEO plugin. -->","yoast_head_json":{"title":"Ram\u00f3n Cerdeiras, speaker at Fundaci\u00f3n Integra's ESG workshop &#8212; Portobello","robots":{"index":"index","follow":"follow","max-snippet":"max-snippet:-1","max-image-preview":"max-image-preview:large","max-video-preview":"max-video-preview:-1"},"canonical":"https:\/\/www.portobellocapital.es\/en\/ramon-cerdeiras-speaker-at-fundacion-integras-esg-workshop\/","og_locale":"en_US","og_type":"article","og_title":"Ram\u00f3n Cerdeiras, speaker at Fundaci\u00f3n Integra's ESG workshop &#8212; Portobello","og_description":"Ram\u00f3n Cerdeiras, founding partner of Portobello Capital, participated as a speaker in the business colloquium: &#8220;Success stories in the social dimension&#8221; of the ESG workshop organized by Fundaci\u00f3n Integra: &#8220;The importance of the social dimension in business strategy&#8221;. A day that helped to deepen the social factors of ESG and its integration into business strategy... View Article","og_url":"https:\/\/www.portobellocapital.es\/en\/ramon-cerdeiras-speaker-at-fundacion-integras-esg-workshop\/","og_site_name":"Portobello","article_published_time":"2022-10-05T15:43:38+00:00","article_modified_time":"2023-06-12T10:23:02+00:00","og_image":[{"url":"https:\/\/www.portobellocapital.es\/wp-content\/uploads\/2022\/11\/COLOQUIO-GENERAL-6-450x300.jpg"}],"author":"carolina","twitter_card":"summary_large_image","twitter_misc":{"Written by":"carolina"},"schema":{"@context":"https:\/\/schema.org","@graph":[{"@type":"Article","@id":"https:\/\/www.portobellocapital.es\/en\/ramon-cerdeiras-speaker-at-fundacion-integras-esg-workshop\/#article","isPartOf":{"@id":"https:\/\/www.portobellocapital.es\/en\/ramon-cerdeiras-speaker-at-fundacion-integras-esg-workshop\/"},"author":{"name":"carolina","@id":"https:\/\/www.portobellocapital.es\/en\/#\/schema\/person\/9db3bc5a273795dc562c433b43553bbd"},"headline":"Ram\u00f3n Cerdeiras, speaker at Fundaci\u00f3n Integra&#8217;s ESG workshop","datePublished":"2022-10-05T15:43:38+00:00","dateModified":"2023-06-12T10:23:02+00:00","mainEntityOfPage":{"@id":"https:\/\/www.portobellocapital.es\/en\/ramon-cerdeiras-speaker-at-fundacion-integras-esg-workshop\/"},"wordCount":81,"publisher":{"@id":"https:\/\/www.portobellocapital.es\/en\/#organization"},"image":{"@id":"https:\/\/www.portobellocapital.es\/en\/ramon-cerdeiras-speaker-at-fundacion-integras-esg-workshop\/#primaryimage"},"thumbnailUrl":"https:\/\/www.portobellocapital.es\/wp-content\/uploads\/2022\/11\/COLOQUIO-GENERAL-6-450x300.jpg","articleSection":["Portobello news"],"inLanguage":"en-US"},{"@type":"WebPage","@id":"https:\/\/www.portobellocapital.es\/en\/ramon-cerdeiras-speaker-at-fundacion-integras-esg-workshop\/","url":"https:\/\/www.portobellocapital.es\/en\/ramon-cerdeiras-speaker-at-fundacion-integras-esg-workshop\/","name":"Ram\u00f3n Cerdeiras, speaker at Fundaci\u00f3n Integra's ESG workshop &#8212; Portobello","isPartOf":{"@id":"https:\/\/www.portobellocapital.es\/en\/#website"},"primaryImageOfPage":{"@id":"https:\/\/www.portobellocapital.es\/en\/ramon-cerdeiras-speaker-at-fundacion-integras-esg-workshop\/#primaryimage"},"image":{"@id":"https:\/\/www.portobellocapital.es\/en\/ramon-cerdeiras-speaker-at-fundacion-integras-esg-workshop\/#primaryimage"},"thumbnailUrl":"https:\/\/www.portobellocapital.es\/wp-content\/uploads\/2022\/11\/COLOQUIO-GENERAL-6-450x300.jpg","datePublished":"2022-10-05T15:43:38+00:00","dateModified":"2023-06-12T10:23:02+00:00","breadcrumb":{"@id":"https:\/\/www.portobellocapital.es\/en\/ramon-cerdeiras-speaker-at-fundacion-integras-esg-workshop\/#breadcrumb"},"inLanguage":"en-US","potentialAction":[{"@type":"ReadAction","target":["https:\/\/www.portobellocapital.es\/en\/ramon-cerdeiras-speaker-at-fundacion-integras-esg-workshop\/"]}]},{"@type":"ImageObject","inLanguage":"en-US","@id":"https:\/\/www.portobellocapital.es\/en\/ramon-cerdeiras-speaker-at-fundacion-integras-esg-workshop\/#primaryimage","url":"https:\/\/www.portobellocapital.es\/wp-content\/uploads\/2022\/11\/COLOQUIO-GENERAL-6-scaled.jpg","contentUrl":"https:\/\/www.portobellocapital.es\/wp-content\/uploads\/2022\/11\/COLOQUIO-GENERAL-6-scaled.jpg","width":2560,"height":1707},{"@type":"BreadcrumbList","@id":"https:\/\/www.portobellocapital.es\/en\/ramon-cerdeiras-speaker-at-fundacion-integras-esg-workshop\/#breadcrumb","itemListElement":[{"@type":"ListItem","position":1,"name":"Portada","item":"https:\/\/www.portobellocapital.es\/en\/"},{"@type":"ListItem","position":2,"name":"Ram\u00f3n Cerdeiras, speaker at Fundaci\u00f3n Integra&#8217;s ESG workshop"}]},{"@type":"WebSite","@id":"https:\/\/www.portobellocapital.es\/en\/#website","url":"https:\/\/www.portobellocapital.es\/en\/","name":"Portobello","description":"","publisher":{"@id":"https:\/\/www.portobellocapital.es\/en\/#organization"},"potentialAction":[{"@type":"SearchAction","target":{"@type":"EntryPoint","urlTemplate":"https:\/\/www.portobellocapital.es\/en\/?s={search_term_string}"},"query-input":"required name=search_term_string"}],"inLanguage":"en-US"},{"@type":"Organization","@id":"https:\/\/www.portobellocapital.es\/en\/#organization","name":"Portobello Capital","url":"https:\/\/www.portobellocapital.es\/en\/","logo":{"@type":"ImageObject","inLanguage":"en-US","@id":"https:\/\/www.portobellocapital.es\/en\/#\/schema\/logo\/image\/","url":"http:\/\/www.portobellocapital.es\/wp-content\/uploads\/2020\/09\/favicon_Portobello.jpg","contentUrl":"http:\/\/www.portobellocapital.es\/wp-content\/uploads\/2020\/09\/favicon_Portobello.jpg","width":512,"height":512,"caption":"Portobello Capital"},"image":{"@id":"https:\/\/www.portobellocapital.es\/en\/#\/schema\/logo\/image\/"}},{"@type":"Person","@id":"https:\/\/www.portobellocapital.es\/en\/#\/schema\/person\/9db3bc5a273795dc562c433b43553bbd","name":"carolina","image":{"@type":"ImageObject","inLanguage":"en-US","@id":"https:\/\/www.portobellocapital.es\/en\/#\/schema\/person\/image\/","url":"https:\/\/secure.gravatar.com\/avatar\/1ba486b747f9976cf6392b0ed08895bb?s=96&d=mm&r=g","contentUrl":"https:\/\/secure.gravatar.com\/avatar\/1ba486b747f9976cf6392b0ed08895bb?s=96&d=mm&r=g","caption":"carolina"}}]}},"_links":{"self":[{"href":"https:\/\/www.portobellocapital.es\/en\/wp-json\/wp\/v2\/posts\/15656"}],"collection":[{"href":"https:\/\/www.portobellocapital.es\/en\/wp-json\/wp\/v2\/posts"}],"about":[{"href":"https:\/\/www.portobellocapital.es\/en\/wp-json\/wp\/v2\/types\/post"}],"author":[{"embeddable":true,"href":"https:\/\/www.portobellocapital.es\/en\/wp-json\/wp\/v2\/users\/3"}],"replies":[{"embeddable":true,"href":"https:\/\/www.portobellocapital.es\/en\/wp-json\/wp\/v2\/comments?post=15656"}],"version-history":[{"count":2,"href":"https:\/\/www.portobellocapital.es\/en\/wp-json\/wp\/v2\/posts\/15656\/revisions"}],"predecessor-version":[{"id":15659,"href":"https:\/\/www.portobellocapital.es\/en\/wp-json\/wp\/v2\/posts\/15656\/revisions\/15659"}],"wp:attachment":[{"href":"https:\/\/www.portobellocapital.es\/en\/wp-json\/wp\/v2\/media?parent=15656"}],"wp:term":[{"taxonomy":"category","embeddable":true,"href":"https:\/\/www.portobellocapital.es\/en\/wp-json\/wp\/v2\/categories?post=15656"},{"taxonomy":"post_tag","embeddable":true,"href":"https:\/\/www.portobellocapital.es\/en\/wp-json\/wp\/v2\/tags?post=15656"}],"curies":[{"name":"wp","href":"https:\/\/api.w.org\/{rel}","templated":true}]}}