{"id":15432,"date":"2022-03-29T19:01:07","date_gmt":"2022-03-29T17:01:07","guid":{"rendered":"https:\/\/www.portobellocapital.es\/?p=15432"},"modified":"2023-06-12T12:23:05","modified_gmt":"2023-06-12T10:23:05","slug":"el-economista-inigo-sanchez-asiain-and-antonio-todisco","status":"publish","type":"post","link":"https:\/\/www.portobellocapital.es\/en\/el-economista-inigo-sanchez-asiain-and-antonio-todisco\/","title":{"rendered":"El Economista: \u00cd\u00f1igo S\u00e1nchez-Asia\u00edn and Antonio Todisco"},"content":{"rendered":"<p><strong><a href=\"https:\/\/www.portobellocapital.es\/wp-content\/uploads\/2022\/03\/PORTOBELLO-El-Economista-Capital-Privado-6pags.pdf\">Read the interview<\/a><\/strong><\/p>\n","protected":false},"excerpt":{"rendered":"Read the interview","protected":false},"author":3,"featured_media":0,"comment_status":"closed","ping_status":"closed","sticky":false,"template":"","format":"standard","meta":{"_acf_changed":false,"footnotes":""},"categories":[118],"tags":[],"acf":[],"yoast_head":"<!-- This site is optimized with the Yoast SEO plugin v22.2 - https:\/\/yoast.com\/wordpress\/plugins\/seo\/ -->\n<title>El Economista: \u00cd\u00f1igo S\u00e1nchez-Asia\u00edn and Antonio Todisco &#8212; Portobello<\/title>\n<meta name=\"robots\" content=\"index, follow, max-snippet:-1, max-image-preview:large, max-video-preview:-1\" \/>\n<link rel=\"canonical\" href=\"https:\/\/www.portobellocapital.es\/en\/el-economista-inigo-sanchez-asiain-and-antonio-todisco\/\" \/>\n<meta property=\"og:locale\" content=\"en_US\" \/>\n<meta property=\"og:type\" content=\"article\" \/>\n<meta property=\"og:title\" content=\"El Economista: \u00cd\u00f1igo S\u00e1nchez-Asia\u00edn and Antonio Todisco &#8212; Portobello\" \/>\n<meta property=\"og:description\" content=\"Read the interview\" \/>\n<meta property=\"og:url\" content=\"https:\/\/www.portobellocapital.es\/en\/el-economista-inigo-sanchez-asiain-and-antonio-todisco\/\" \/>\n<meta property=\"og:site_name\" content=\"Portobello\" \/>\n<meta property=\"article:published_time\" content=\"2022-03-29T17:01:07+00:00\" \/>\n<meta property=\"article:modified_time\" content=\"2023-06-12T10:23:05+00:00\" \/>\n<meta name=\"author\" content=\"carolina\" \/>\n<meta name=\"twitter:card\" content=\"summary_large_image\" \/>\n<meta name=\"twitter:label1\" content=\"Written by\" \/>\n\t<meta name=\"twitter:data1\" content=\"carolina\" \/>\n<script type=\"application\/ld+json\" class=\"yoast-schema-graph\">{\"@context\":\"https:\/\/schema.org\",\"@graph\":[{\"@type\":\"Article\",\"@id\":\"https:\/\/www.portobellocapital.es\/en\/el-economista-inigo-sanchez-asiain-and-antonio-todisco\/#article\",\"isPartOf\":{\"@id\":\"https:\/\/www.portobellocapital.es\/en\/el-economista-inigo-sanchez-asiain-and-antonio-todisco\/\"},\"author\":{\"name\":\"carolina\",\"@id\":\"https:\/\/www.portobellocapital.es\/en\/#\/schema\/person\/9db3bc5a273795dc562c433b43553bbd\"},\"headline\":\"El Economista: \u00cd\u00f1igo S\u00e1nchez-Asia\u00edn and Antonio Todisco\",\"datePublished\":\"2022-03-29T17:01:07+00:00\",\"dateModified\":\"2023-06-12T10:23:05+00:00\",\"mainEntityOfPage\":{\"@id\":\"https:\/\/www.portobellocapital.es\/en\/el-economista-inigo-sanchez-asiain-and-antonio-todisco\/\"},\"wordCount\":12,\"publisher\":{\"@id\":\"https:\/\/www.portobellocapital.es\/en\/#organization\"},\"articleSection\":[\"Portobello news\"],\"inLanguage\":\"en-US\"},{\"@type\":\"WebPage\",\"@id\":\"https:\/\/www.portobellocapital.es\/en\/el-economista-inigo-sanchez-asiain-and-antonio-todisco\/\",\"url\":\"https:\/\/www.portobellocapital.es\/en\/el-economista-inigo-sanchez-asiain-and-antonio-todisco\/\",\"name\":\"El Economista: \u00cd\u00f1igo S\u00e1nchez-Asia\u00edn and Antonio Todisco &#8212; Portobello\",\"isPartOf\":{\"@id\":\"https:\/\/www.portobellocapital.es\/en\/#website\"},\"datePublished\":\"2022-03-29T17:01:07+00:00\",\"dateModified\":\"2023-06-12T10:23:05+00:00\",\"breadcrumb\":{\"@id\":\"https:\/\/www.portobellocapital.es\/en\/el-economista-inigo-sanchez-asiain-and-antonio-todisco\/#breadcrumb\"},\"inLanguage\":\"en-US\",\"potentialAction\":[{\"@type\":\"ReadAction\",\"target\":[\"https:\/\/www.portobellocapital.es\/en\/el-economista-inigo-sanchez-asiain-and-antonio-todisco\/\"]}]},{\"@type\":\"BreadcrumbList\",\"@id\":\"https:\/\/www.portobellocapital.es\/en\/el-economista-inigo-sanchez-asiain-and-antonio-todisco\/#breadcrumb\",\"itemListElement\":[{\"@type\":\"ListItem\",\"position\":1,\"name\":\"Portada\",\"item\":\"https:\/\/www.portobellocapital.es\/en\/\"},{\"@type\":\"ListItem\",\"position\":2,\"name\":\"El Economista: \u00cd\u00f1igo S\u00e1nchez-Asia\u00edn and Antonio Todisco\"}]},{\"@type\":\"WebSite\",\"@id\":\"https:\/\/www.portobellocapital.es\/en\/#website\",\"url\":\"https:\/\/www.portobellocapital.es\/en\/\",\"name\":\"Portobello\",\"description\":\"\",\"publisher\":{\"@id\":\"https:\/\/www.portobellocapital.es\/en\/#organization\"},\"potentialAction\":[{\"@type\":\"SearchAction\",\"target\":{\"@type\":\"EntryPoint\",\"urlTemplate\":\"https:\/\/www.portobellocapital.es\/en\/?s={search_term_string}\"},\"query-input\":\"required name=search_term_string\"}],\"inLanguage\":\"en-US\"},{\"@type\":\"Organization\",\"@id\":\"https:\/\/www.portobellocapital.es\/en\/#organization\",\"name\":\"Portobello Capital\",\"url\":\"https:\/\/www.portobellocapital.es\/en\/\",\"logo\":{\"@type\":\"ImageObject\",\"inLanguage\":\"en-US\",\"@id\":\"https:\/\/www.portobellocapital.es\/en\/#\/schema\/logo\/image\/\",\"url\":\"http:\/\/www.portobellocapital.es\/wp-content\/uploads\/2020\/09\/favicon_Portobello.jpg\",\"contentUrl\":\"http:\/\/www.portobellocapital.es\/wp-content\/uploads\/2020\/09\/favicon_Portobello.jpg\",\"width\":512,\"height\":512,\"caption\":\"Portobello Capital\"},\"image\":{\"@id\":\"https:\/\/www.portobellocapital.es\/en\/#\/schema\/logo\/image\/\"}},{\"@type\":\"Person\",\"@id\":\"https:\/\/www.portobellocapital.es\/en\/#\/schema\/person\/9db3bc5a273795dc562c433b43553bbd\",\"name\":\"carolina\",\"image\":{\"@type\":\"ImageObject\",\"inLanguage\":\"en-US\",\"@id\":\"https:\/\/www.portobellocapital.es\/en\/#\/schema\/person\/image\/\",\"url\":\"https:\/\/secure.gravatar.com\/avatar\/1ba486b747f9976cf6392b0ed08895bb?s=96&d=mm&r=g\",\"contentUrl\":\"https:\/\/secure.gravatar.com\/avatar\/1ba486b747f9976cf6392b0ed08895bb?s=96&d=mm&r=g\",\"caption\":\"carolina\"}}]}<\/script>\n<!-- \/ Yoast SEO plugin. -->","yoast_head_json":{"title":"El Economista: \u00cd\u00f1igo S\u00e1nchez-Asia\u00edn and Antonio Todisco &#8212; Portobello","robots":{"index":"index","follow":"follow","max-snippet":"max-snippet:-1","max-image-preview":"max-image-preview:large","max-video-preview":"max-video-preview:-1"},"canonical":"https:\/\/www.portobellocapital.es\/en\/el-economista-inigo-sanchez-asiain-and-antonio-todisco\/","og_locale":"en_US","og_type":"article","og_title":"El Economista: \u00cd\u00f1igo S\u00e1nchez-Asia\u00edn and Antonio Todisco &#8212; Portobello","og_description":"Read the interview","og_url":"https:\/\/www.portobellocapital.es\/en\/el-economista-inigo-sanchez-asiain-and-antonio-todisco\/","og_site_name":"Portobello","article_published_time":"2022-03-29T17:01:07+00:00","article_modified_time":"2023-06-12T10:23:05+00:00","author":"carolina","twitter_card":"summary_large_image","twitter_misc":{"Written by":"carolina"},"schema":{"@context":"https:\/\/schema.org","@graph":[{"@type":"Article","@id":"https:\/\/www.portobellocapital.es\/en\/el-economista-inigo-sanchez-asiain-and-antonio-todisco\/#article","isPartOf":{"@id":"https:\/\/www.portobellocapital.es\/en\/el-economista-inigo-sanchez-asiain-and-antonio-todisco\/"},"author":{"name":"carolina","@id":"https:\/\/www.portobellocapital.es\/en\/#\/schema\/person\/9db3bc5a273795dc562c433b43553bbd"},"headline":"El Economista: \u00cd\u00f1igo S\u00e1nchez-Asia\u00edn and Antonio Todisco","datePublished":"2022-03-29T17:01:07+00:00","dateModified":"2023-06-12T10:23:05+00:00","mainEntityOfPage":{"@id":"https:\/\/www.portobellocapital.es\/en\/el-economista-inigo-sanchez-asiain-and-antonio-todisco\/"},"wordCount":12,"publisher":{"@id":"https:\/\/www.portobellocapital.es\/en\/#organization"},"articleSection":["Portobello news"],"inLanguage":"en-US"},{"@type":"WebPage","@id":"https:\/\/www.portobellocapital.es\/en\/el-economista-inigo-sanchez-asiain-and-antonio-todisco\/","url":"https:\/\/www.portobellocapital.es\/en\/el-economista-inigo-sanchez-asiain-and-antonio-todisco\/","name":"El Economista: \u00cd\u00f1igo S\u00e1nchez-Asia\u00edn and Antonio Todisco &#8212; Portobello","isPartOf":{"@id":"https:\/\/www.portobellocapital.es\/en\/#website"},"datePublished":"2022-03-29T17:01:07+00:00","dateModified":"2023-06-12T10:23:05+00:00","breadcrumb":{"@id":"https:\/\/www.portobellocapital.es\/en\/el-economista-inigo-sanchez-asiain-and-antonio-todisco\/#breadcrumb"},"inLanguage":"en-US","potentialAction":[{"@type":"ReadAction","target":["https:\/\/www.portobellocapital.es\/en\/el-economista-inigo-sanchez-asiain-and-antonio-todisco\/"]}]},{"@type":"BreadcrumbList","@id":"https:\/\/www.portobellocapital.es\/en\/el-economista-inigo-sanchez-asiain-and-antonio-todisco\/#breadcrumb","itemListElement":[{"@type":"ListItem","position":1,"name":"Portada","item":"https:\/\/www.portobellocapital.es\/en\/"},{"@type":"ListItem","position":2,"name":"El Economista: \u00cd\u00f1igo S\u00e1nchez-Asia\u00edn and Antonio Todisco"}]},{"@type":"WebSite","@id":"https:\/\/www.portobellocapital.es\/en\/#website","url":"https:\/\/www.portobellocapital.es\/en\/","name":"Portobello","description":"","publisher":{"@id":"https:\/\/www.portobellocapital.es\/en\/#organization"},"potentialAction":[{"@type":"SearchAction","target":{"@type":"EntryPoint","urlTemplate":"https:\/\/www.portobellocapital.es\/en\/?s={search_term_string}"},"query-input":"required name=search_term_string"}],"inLanguage":"en-US"},{"@type":"Organization","@id":"https:\/\/www.portobellocapital.es\/en\/#organization","name":"Portobello Capital","url":"https:\/\/www.portobellocapital.es\/en\/","logo":{"@type":"ImageObject","inLanguage":"en-US","@id":"https:\/\/www.portobellocapital.es\/en\/#\/schema\/logo\/image\/","url":"http:\/\/www.portobellocapital.es\/wp-content\/uploads\/2020\/09\/favicon_Portobello.jpg","contentUrl":"http:\/\/www.portobellocapital.es\/wp-content\/uploads\/2020\/09\/favicon_Portobello.jpg","width":512,"height":512,"caption":"Portobello Capital"},"image":{"@id":"https:\/\/www.portobellocapital.es\/en\/#\/schema\/logo\/image\/"}},{"@type":"Person","@id":"https:\/\/www.portobellocapital.es\/en\/#\/schema\/person\/9db3bc5a273795dc562c433b43553bbd","name":"carolina","image":{"@type":"ImageObject","inLanguage":"en-US","@id":"https:\/\/www.portobellocapital.es\/en\/#\/schema\/person\/image\/","url":"https:\/\/secure.gravatar.com\/avatar\/1ba486b747f9976cf6392b0ed08895bb?s=96&d=mm&r=g","contentUrl":"https:\/\/secure.gravatar.com\/avatar\/1ba486b747f9976cf6392b0ed08895bb?s=96&d=mm&r=g","caption":"carolina"}}]}},"_links":{"self":[{"href":"https:\/\/www.portobellocapital.es\/en\/wp-json\/wp\/v2\/posts\/15432"}],"collection":[{"href":"https:\/\/www.portobellocapital.es\/en\/wp-json\/wp\/v2\/posts"}],"about":[{"href":"https:\/\/www.portobellocapital.es\/en\/wp-json\/wp\/v2\/types\/post"}],"author":[{"embeddable":true,"href":"https:\/\/www.portobellocapital.es\/en\/wp-json\/wp\/v2\/users\/3"}],"replies":[{"embeddable":true,"href":"https:\/\/www.portobellocapital.es\/en\/wp-json\/wp\/v2\/comments?post=15432"}],"version-history":[{"count":1,"href":"https:\/\/www.portobellocapital.es\/en\/wp-json\/wp\/v2\/posts\/15432\/revisions"}],"predecessor-version":[{"id":15433,"href":"https:\/\/www.portobellocapital.es\/en\/wp-json\/wp\/v2\/posts\/15432\/revisions\/15433"}],"wp:attachment":[{"href":"https:\/\/www.portobellocapital.es\/en\/wp-json\/wp\/v2\/media?parent=15432"}],"wp:term":[{"taxonomy":"category","embeddable":true,"href":"https:\/\/www.portobellocapital.es\/en\/wp-json\/wp\/v2\/categories?post=15432"},{"taxonomy":"post_tag","embeddable":true,"href":"https:\/\/www.portobellocapital.es\/en\/wp-json\/wp\/v2\/tags?post=15432"}],"curies":[{"name":"wp","href":"https:\/\/api.w.org\/{rel}","templated":true}]}}