{"id":12967,"date":"2019-07-03T10:48:06","date_gmt":"2019-07-03T10:48:06","guid":{"rendered":"http:\/\/www.portobellocapital.es\/?p=12967"},"modified":"2023-06-12T12:23:20","modified_gmt":"2023-06-12T10:23:20","slug":"vivanta-has-been-awarded-the-prize-for-quality-and-excellence","status":"publish","type":"post","link":"https:\/\/www.portobellocapital.es\/en\/vivanta-has-been-awarded-the-prize-for-quality-and-excellence\/","title":{"rendered":"VIVANTA has been awarded the prize for quality and excellence."},"content":{"rendered":"<p>The newspaper La Raz\u00f3n presented the 8th AY Health Awards in an act chaired by the Minister of Health, Consumption and Social Welfare, Mar\u00eda Luisa Carcedo, and the director of La Raz\u00f3n, Francisco Marhuenda.<\/p>\n<p>Through these awards, Vivanta&#8217;s effort and innovation is recognized in the areas of health, health, science and technology, distinguished by its &#8220;Commitment to Quality and Excellence&#8221;.<\/p>\n<p>The Minister of Health, Consumption and Social Welfare presented the award to the CEO of Vivanta, Juan Olave.<\/p>\n<p><span style=\"color: #d2c577;\"><a style=\"color: #d2c577;\" href=\"https:\/\/www.larazon.es\/atusalud\/dia-mundial-contra-el-cancer-de-mama\/vivanta-compromiso-con-la-calidad-y-la-excelencia-FF24030621\" target=\"_blank\" rel=\"noopener noreferrer\">La Raz\u00f3n<\/a><\/span><\/p>\n","protected":false},"excerpt":{"rendered":"The newspaper La Raz\u00f3n presented the 8th AY Health Awards in an act chaired by the Minister of Health, Consumption and Social Welfare, Mar\u00eda Luisa Carcedo, and the director of La Raz\u00f3n, Francisco Marhuenda.","protected":false},"author":2,"featured_media":0,"comment_status":"closed","ping_status":"closed","sticky":false,"template":"","format":"standard","meta":{"_acf_changed":false,"footnotes":""},"categories":[117],"tags":[],"acf":[],"yoast_head":"<!-- This site is optimized with the Yoast SEO plugin v22.2 - https:\/\/yoast.com\/wordpress\/plugins\/seo\/ -->\n<title>VIVANTA has been awarded the prize for quality and excellence. &#8212; Portobello<\/title>\n<meta name=\"robots\" content=\"index, follow, max-snippet:-1, max-image-preview:large, max-video-preview:-1\" \/>\n<link rel=\"canonical\" href=\"https:\/\/www.portobellocapital.es\/en\/vivanta-has-been-awarded-the-prize-for-quality-and-excellence\/\" \/>\n<meta property=\"og:locale\" content=\"en_US\" \/>\n<meta property=\"og:type\" content=\"article\" \/>\n<meta property=\"og:title\" content=\"VIVANTA has been awarded the prize for quality and excellence. &#8212; Portobello\" \/>\n<meta property=\"og:description\" content=\"The newspaper La Raz\u00f3n presented the 8th AY Health Awards in an act chaired by the Minister of Health, Consumption and Social Welfare, Mar\u00eda Luisa Carcedo, and the director of La Raz\u00f3n, Francisco Marhuenda.\" \/>\n<meta property=\"og:url\" content=\"https:\/\/www.portobellocapital.es\/en\/vivanta-has-been-awarded-the-prize-for-quality-and-excellence\/\" \/>\n<meta property=\"og:site_name\" content=\"Portobello\" \/>\n<meta property=\"article:published_time\" content=\"2019-07-03T10:48:06+00:00\" \/>\n<meta property=\"article:modified_time\" content=\"2023-06-12T10:23:20+00:00\" \/>\n<meta name=\"author\" content=\"jaime\" \/>\n<meta name=\"twitter:card\" content=\"summary_large_image\" \/>\n<meta name=\"twitter:label1\" content=\"Written by\" \/>\n\t<meta name=\"twitter:data1\" content=\"jaime\" \/>\n<script type=\"application\/ld+json\" class=\"yoast-schema-graph\">{\"@context\":\"https:\/\/schema.org\",\"@graph\":[{\"@type\":\"Article\",\"@id\":\"https:\/\/www.portobellocapital.es\/en\/vivanta-has-been-awarded-the-prize-for-quality-and-excellence\/#article\",\"isPartOf\":{\"@id\":\"https:\/\/www.portobellocapital.es\/en\/vivanta-has-been-awarded-the-prize-for-quality-and-excellence\/\"},\"author\":{\"name\":\"jaime\",\"@id\":\"https:\/\/www.portobellocapital.es\/en\/#\/schema\/person\/489ba2603b154a3b8bd88e89606ab7d8\"},\"headline\":\"VIVANTA has been awarded the prize for quality and excellence.\",\"datePublished\":\"2019-07-03T10:48:06+00:00\",\"dateModified\":\"2023-06-12T10:23:20+00:00\",\"mainEntityOfPage\":{\"@id\":\"https:\/\/www.portobellocapital.es\/en\/vivanta-has-been-awarded-the-prize-for-quality-and-excellence\/\"},\"wordCount\":94,\"publisher\":{\"@id\":\"https:\/\/www.portobellocapital.es\/en\/#organization\"},\"articleSection\":[\"Portfolio companies news\"],\"inLanguage\":\"en-US\"},{\"@type\":\"WebPage\",\"@id\":\"https:\/\/www.portobellocapital.es\/en\/vivanta-has-been-awarded-the-prize-for-quality-and-excellence\/\",\"url\":\"https:\/\/www.portobellocapital.es\/en\/vivanta-has-been-awarded-the-prize-for-quality-and-excellence\/\",\"name\":\"VIVANTA has been awarded the prize for quality and excellence. &#8212; Portobello\",\"isPartOf\":{\"@id\":\"https:\/\/www.portobellocapital.es\/en\/#website\"},\"datePublished\":\"2019-07-03T10:48:06+00:00\",\"dateModified\":\"2023-06-12T10:23:20+00:00\",\"breadcrumb\":{\"@id\":\"https:\/\/www.portobellocapital.es\/en\/vivanta-has-been-awarded-the-prize-for-quality-and-excellence\/#breadcrumb\"},\"inLanguage\":\"en-US\",\"potentialAction\":[{\"@type\":\"ReadAction\",\"target\":[\"https:\/\/www.portobellocapital.es\/en\/vivanta-has-been-awarded-the-prize-for-quality-and-excellence\/\"]}]},{\"@type\":\"BreadcrumbList\",\"@id\":\"https:\/\/www.portobellocapital.es\/en\/vivanta-has-been-awarded-the-prize-for-quality-and-excellence\/#breadcrumb\",\"itemListElement\":[{\"@type\":\"ListItem\",\"position\":1,\"name\":\"Portada\",\"item\":\"https:\/\/www.portobellocapital.es\/en\/\"},{\"@type\":\"ListItem\",\"position\":2,\"name\":\"VIVANTA has been awarded the prize for quality and excellence.\"}]},{\"@type\":\"WebSite\",\"@id\":\"https:\/\/www.portobellocapital.es\/en\/#website\",\"url\":\"https:\/\/www.portobellocapital.es\/en\/\",\"name\":\"Portobello\",\"description\":\"\",\"publisher\":{\"@id\":\"https:\/\/www.portobellocapital.es\/en\/#organization\"},\"potentialAction\":[{\"@type\":\"SearchAction\",\"target\":{\"@type\":\"EntryPoint\",\"urlTemplate\":\"https:\/\/www.portobellocapital.es\/en\/?s={search_term_string}\"},\"query-input\":\"required name=search_term_string\"}],\"inLanguage\":\"en-US\"},{\"@type\":\"Organization\",\"@id\":\"https:\/\/www.portobellocapital.es\/en\/#organization\",\"name\":\"Portobello Capital\",\"url\":\"https:\/\/www.portobellocapital.es\/en\/\",\"logo\":{\"@type\":\"ImageObject\",\"inLanguage\":\"en-US\",\"@id\":\"https:\/\/www.portobellocapital.es\/en\/#\/schema\/logo\/image\/\",\"url\":\"http:\/\/www.portobellocapital.es\/wp-content\/uploads\/2020\/09\/favicon_Portobello.jpg\",\"contentUrl\":\"http:\/\/www.portobellocapital.es\/wp-content\/uploads\/2020\/09\/favicon_Portobello.jpg\",\"width\":512,\"height\":512,\"caption\":\"Portobello Capital\"},\"image\":{\"@id\":\"https:\/\/www.portobellocapital.es\/en\/#\/schema\/logo\/image\/\"}},{\"@type\":\"Person\",\"@id\":\"https:\/\/www.portobellocapital.es\/en\/#\/schema\/person\/489ba2603b154a3b8bd88e89606ab7d8\",\"name\":\"jaime\",\"image\":{\"@type\":\"ImageObject\",\"inLanguage\":\"en-US\",\"@id\":\"https:\/\/www.portobellocapital.es\/en\/#\/schema\/person\/image\/\",\"url\":\"https:\/\/secure.gravatar.com\/avatar\/b75378ffd334929e907c5a8ef673937d?s=96&d=mm&r=g\",\"contentUrl\":\"https:\/\/secure.gravatar.com\/avatar\/b75378ffd334929e907c5a8ef673937d?s=96&d=mm&r=g\",\"caption\":\"jaime\"}}]}<\/script>\n<!-- \/ Yoast SEO plugin. -->","yoast_head_json":{"title":"VIVANTA has been awarded the prize for quality and excellence. &#8212; Portobello","robots":{"index":"index","follow":"follow","max-snippet":"max-snippet:-1","max-image-preview":"max-image-preview:large","max-video-preview":"max-video-preview:-1"},"canonical":"https:\/\/www.portobellocapital.es\/en\/vivanta-has-been-awarded-the-prize-for-quality-and-excellence\/","og_locale":"en_US","og_type":"article","og_title":"VIVANTA has been awarded the prize for quality and excellence. &#8212; Portobello","og_description":"The newspaper La Raz\u00f3n presented the 8th AY Health Awards in an act chaired by the Minister of Health, Consumption and Social Welfare, Mar\u00eda Luisa Carcedo, and the director of La Raz\u00f3n, Francisco Marhuenda.","og_url":"https:\/\/www.portobellocapital.es\/en\/vivanta-has-been-awarded-the-prize-for-quality-and-excellence\/","og_site_name":"Portobello","article_published_time":"2019-07-03T10:48:06+00:00","article_modified_time":"2023-06-12T10:23:20+00:00","author":"jaime","twitter_card":"summary_large_image","twitter_misc":{"Written by":"jaime"},"schema":{"@context":"https:\/\/schema.org","@graph":[{"@type":"Article","@id":"https:\/\/www.portobellocapital.es\/en\/vivanta-has-been-awarded-the-prize-for-quality-and-excellence\/#article","isPartOf":{"@id":"https:\/\/www.portobellocapital.es\/en\/vivanta-has-been-awarded-the-prize-for-quality-and-excellence\/"},"author":{"name":"jaime","@id":"https:\/\/www.portobellocapital.es\/en\/#\/schema\/person\/489ba2603b154a3b8bd88e89606ab7d8"},"headline":"VIVANTA has been awarded the prize for quality and excellence.","datePublished":"2019-07-03T10:48:06+00:00","dateModified":"2023-06-12T10:23:20+00:00","mainEntityOfPage":{"@id":"https:\/\/www.portobellocapital.es\/en\/vivanta-has-been-awarded-the-prize-for-quality-and-excellence\/"},"wordCount":94,"publisher":{"@id":"https:\/\/www.portobellocapital.es\/en\/#organization"},"articleSection":["Portfolio companies news"],"inLanguage":"en-US"},{"@type":"WebPage","@id":"https:\/\/www.portobellocapital.es\/en\/vivanta-has-been-awarded-the-prize-for-quality-and-excellence\/","url":"https:\/\/www.portobellocapital.es\/en\/vivanta-has-been-awarded-the-prize-for-quality-and-excellence\/","name":"VIVANTA has been awarded the prize for quality and excellence. &#8212; Portobello","isPartOf":{"@id":"https:\/\/www.portobellocapital.es\/en\/#website"},"datePublished":"2019-07-03T10:48:06+00:00","dateModified":"2023-06-12T10:23:20+00:00","breadcrumb":{"@id":"https:\/\/www.portobellocapital.es\/en\/vivanta-has-been-awarded-the-prize-for-quality-and-excellence\/#breadcrumb"},"inLanguage":"en-US","potentialAction":[{"@type":"ReadAction","target":["https:\/\/www.portobellocapital.es\/en\/vivanta-has-been-awarded-the-prize-for-quality-and-excellence\/"]}]},{"@type":"BreadcrumbList","@id":"https:\/\/www.portobellocapital.es\/en\/vivanta-has-been-awarded-the-prize-for-quality-and-excellence\/#breadcrumb","itemListElement":[{"@type":"ListItem","position":1,"name":"Portada","item":"https:\/\/www.portobellocapital.es\/en\/"},{"@type":"ListItem","position":2,"name":"VIVANTA has been awarded the prize for quality and excellence."}]},{"@type":"WebSite","@id":"https:\/\/www.portobellocapital.es\/en\/#website","url":"https:\/\/www.portobellocapital.es\/en\/","name":"Portobello","description":"","publisher":{"@id":"https:\/\/www.portobellocapital.es\/en\/#organization"},"potentialAction":[{"@type":"SearchAction","target":{"@type":"EntryPoint","urlTemplate":"https:\/\/www.portobellocapital.es\/en\/?s={search_term_string}"},"query-input":"required name=search_term_string"}],"inLanguage":"en-US"},{"@type":"Organization","@id":"https:\/\/www.portobellocapital.es\/en\/#organization","name":"Portobello Capital","url":"https:\/\/www.portobellocapital.es\/en\/","logo":{"@type":"ImageObject","inLanguage":"en-US","@id":"https:\/\/www.portobellocapital.es\/en\/#\/schema\/logo\/image\/","url":"http:\/\/www.portobellocapital.es\/wp-content\/uploads\/2020\/09\/favicon_Portobello.jpg","contentUrl":"http:\/\/www.portobellocapital.es\/wp-content\/uploads\/2020\/09\/favicon_Portobello.jpg","width":512,"height":512,"caption":"Portobello Capital"},"image":{"@id":"https:\/\/www.portobellocapital.es\/en\/#\/schema\/logo\/image\/"}},{"@type":"Person","@id":"https:\/\/www.portobellocapital.es\/en\/#\/schema\/person\/489ba2603b154a3b8bd88e89606ab7d8","name":"jaime","image":{"@type":"ImageObject","inLanguage":"en-US","@id":"https:\/\/www.portobellocapital.es\/en\/#\/schema\/person\/image\/","url":"https:\/\/secure.gravatar.com\/avatar\/b75378ffd334929e907c5a8ef673937d?s=96&d=mm&r=g","contentUrl":"https:\/\/secure.gravatar.com\/avatar\/b75378ffd334929e907c5a8ef673937d?s=96&d=mm&r=g","caption":"jaime"}}]}},"_links":{"self":[{"href":"https:\/\/www.portobellocapital.es\/en\/wp-json\/wp\/v2\/posts\/12967"}],"collection":[{"href":"https:\/\/www.portobellocapital.es\/en\/wp-json\/wp\/v2\/posts"}],"about":[{"href":"https:\/\/www.portobellocapital.es\/en\/wp-json\/wp\/v2\/types\/post"}],"author":[{"embeddable":true,"href":"https:\/\/www.portobellocapital.es\/en\/wp-json\/wp\/v2\/users\/2"}],"replies":[{"embeddable":true,"href":"https:\/\/www.portobellocapital.es\/en\/wp-json\/wp\/v2\/comments?post=12967"}],"version-history":[{"count":1,"href":"https:\/\/www.portobellocapital.es\/en\/wp-json\/wp\/v2\/posts\/12967\/revisions"}],"predecessor-version":[{"id":16078,"href":"https:\/\/www.portobellocapital.es\/en\/wp-json\/wp\/v2\/posts\/12967\/revisions\/16078"}],"wp:attachment":[{"href":"https:\/\/www.portobellocapital.es\/en\/wp-json\/wp\/v2\/media?parent=12967"}],"wp:term":[{"taxonomy":"category","embeddable":true,"href":"https:\/\/www.portobellocapital.es\/en\/wp-json\/wp\/v2\/categories?post=12967"},{"taxonomy":"post_tag","embeddable":true,"href":"https:\/\/www.portobellocapital.es\/en\/wp-json\/wp\/v2\/tags?post=12967"}],"curies":[{"name":"wp","href":"https:\/\/api.w.org\/{rel}","templated":true}]}}