{"id":12028,"date":"2017-06-01T10:54:02","date_gmt":"2017-06-01T10:54:02","guid":{"rendered":"http:\/\/www.portobellocapital.es\/?p=12028"},"modified":"2023-06-12T12:28:34","modified_gmt":"2023-06-12T10:28:34","slug":"iv-vitalia-jardin-reunion","status":"publish","type":"post","link":"https:\/\/www.portobellocapital.es\/en\/iv-vitalia-jardin-reunion\/","title":{"rendered":"IV Vitalia Jard\u00edn Reunion"},"content":{"rendered":"<p><span style=\"color: #ff0000;\"><\/span><br \/>\n<span style=\"color: #ff0000;\"><\/span><\/p>\n<h1>IV Vitalia Jard\u00edn Reunion<\/h1>\n<h5><span style=\"color: #d2c577;\">01\/06\/2017<\/span><\/h5>\n<p>Fundaci\u00f3n Vitalia has organized an event at its Vitalia Jard\u00edn de Burgos center where topics such as the new residential care models (in which the company is currently working) and new techniques of non-pharmacological treatments in dementias have been addressed.<br \/>\nThe event was attended by the Councilor for Family and Equal Opportunities of the Junta de Castilla y Le\u00f3n<br \/>\n<span style=\"color: #d2c577;\"><a style=\"color: #d2c577;\" href=\"http:\/\/periodico.inforesidencias.com\/noticia\/1035\/actualidad\/vitalia-jardin-reflexiona-sobre-las-nuevas-estrategias-asistenciales-y-las-demencias.html\" target=\"_blank\" rel=\"noopener noreferrer\">periodico.inforesidencias.com<\/a><\/span><br \/>\n<span style=\"color: #ff0000;\"><br \/><\/span><br \/>\n<span style=\"color: #ff0000;\"><\/span><br \/>\n<a href=\"http:\/\/periodico.inforesidencias.com\/noticia\/1035\/actualidad\/vitalia-jardin-reflexiona-sobre-las-nuevas-estrategias-asistenciales-y-las-demencias.html\"><img decoding=\"async\" style=\"width: 320px;\" src=\"http:\/\/www.portobellocapital.es\/wp-content\/uploads\/2017\/06\/Vitalia_-acto1junio-1.jpg\" alt=\"\" \/><\/a><br \/>\n<span style=\"color: #ff0000;\"><br \/><\/span><br \/>\n<span style=\"color: #ff0000;\"><br \/><\/span><\/p>\n","protected":false},"excerpt":{"rendered":"Fundaci\u00f3n Vitalia has organized an event at its Vitalia Jard\u00edn de Burgos center where topics such as the new residential care models (in which the company is currently working) and new techniques of non-pharmacological treatments in dementias have been addressed.","protected":false},"author":2,"featured_media":0,"comment_status":"closed","ping_status":"closed","sticky":false,"template":"","format":"standard","meta":{"_acf_changed":false,"footnotes":""},"categories":[22],"tags":[],"acf":[],"yoast_head":"<!-- This site is optimized with the Yoast SEO plugin v22.2 - https:\/\/yoast.com\/wordpress\/plugins\/seo\/ -->\n<title>IV Vitalia Jard\u00edn Reunion &#8212; Portobello<\/title>\n<meta name=\"robots\" content=\"index, follow, max-snippet:-1, max-image-preview:large, max-video-preview:-1\" \/>\n<link rel=\"canonical\" href=\"https:\/\/www.portobellocapital.es\/en\/iv-vitalia-jardin-reunion\/\" \/>\n<meta property=\"og:locale\" content=\"en_US\" \/>\n<meta property=\"og:type\" content=\"article\" \/>\n<meta property=\"og:title\" content=\"IV Vitalia Jard\u00edn Reunion &#8212; Portobello\" \/>\n<meta property=\"og:description\" content=\"Fundaci\u00f3n Vitalia has organized an event at its Vitalia Jard\u00edn de Burgos center where topics such as the new residential care models (in which the company is currently working) and new techniques of non-pharmacological treatments in dementias have been addressed.\" \/>\n<meta property=\"og:url\" content=\"https:\/\/www.portobellocapital.es\/en\/iv-vitalia-jardin-reunion\/\" \/>\n<meta property=\"og:site_name\" content=\"Portobello\" \/>\n<meta property=\"article:published_time\" content=\"2017-06-01T10:54:02+00:00\" \/>\n<meta property=\"article:modified_time\" content=\"2023-06-12T10:28:34+00:00\" \/>\n<meta property=\"og:image\" content=\"http:\/\/www.portobellocapital.es\/wp-content\/uploads\/2017\/06\/Vitalia_-acto1junio-1.jpg\" \/>\n<meta name=\"author\" content=\"jaime\" \/>\n<meta name=\"twitter:card\" content=\"summary_large_image\" \/>\n<meta name=\"twitter:label1\" content=\"Written by\" \/>\n\t<meta name=\"twitter:data1\" content=\"jaime\" \/>\n<script type=\"application\/ld+json\" class=\"yoast-schema-graph\">{\"@context\":\"https:\/\/schema.org\",\"@graph\":[{\"@type\":\"Article\",\"@id\":\"https:\/\/www.portobellocapital.es\/en\/iv-vitalia-jardin-reunion\/#article\",\"isPartOf\":{\"@id\":\"https:\/\/www.portobellocapital.es\/en\/iv-vitalia-jardin-reunion\/\"},\"author\":{\"name\":\"jaime\",\"@id\":\"https:\/\/www.portobellocapital.es\/en\/#\/schema\/person\/489ba2603b154a3b8bd88e89606ab7d8\"},\"headline\":\"IV Vitalia Jard\u00edn Reunion\",\"datePublished\":\"2017-06-01T10:54:02+00:00\",\"dateModified\":\"2023-06-12T10:28:34+00:00\",\"mainEntityOfPage\":{\"@id\":\"https:\/\/www.portobellocapital.es\/en\/iv-vitalia-jardin-reunion\/\"},\"wordCount\":75,\"publisher\":{\"@id\":\"https:\/\/www.portobellocapital.es\/en\/#organization\"},\"image\":{\"@id\":\"https:\/\/www.portobellocapital.es\/en\/iv-vitalia-jardin-reunion\/#primaryimage\"},\"thumbnailUrl\":\"http:\/\/www.portobellocapital.es\/wp-content\/uploads\/2017\/06\/Vitalia_-acto1junio-1.jpg\",\"inLanguage\":\"en-US\"},{\"@type\":\"WebPage\",\"@id\":\"https:\/\/www.portobellocapital.es\/en\/iv-vitalia-jardin-reunion\/\",\"url\":\"https:\/\/www.portobellocapital.es\/en\/iv-vitalia-jardin-reunion\/\",\"name\":\"IV Vitalia Jard\u00edn Reunion &#8212; Portobello\",\"isPartOf\":{\"@id\":\"https:\/\/www.portobellocapital.es\/en\/#website\"},\"primaryImageOfPage\":{\"@id\":\"https:\/\/www.portobellocapital.es\/en\/iv-vitalia-jardin-reunion\/#primaryimage\"},\"image\":{\"@id\":\"https:\/\/www.portobellocapital.es\/en\/iv-vitalia-jardin-reunion\/#primaryimage\"},\"thumbnailUrl\":\"http:\/\/www.portobellocapital.es\/wp-content\/uploads\/2017\/06\/Vitalia_-acto1junio-1.jpg\",\"datePublished\":\"2017-06-01T10:54:02+00:00\",\"dateModified\":\"2023-06-12T10:28:34+00:00\",\"breadcrumb\":{\"@id\":\"https:\/\/www.portobellocapital.es\/en\/iv-vitalia-jardin-reunion\/#breadcrumb\"},\"inLanguage\":\"en-US\",\"potentialAction\":[{\"@type\":\"ReadAction\",\"target\":[\"https:\/\/www.portobellocapital.es\/en\/iv-vitalia-jardin-reunion\/\"]}]},{\"@type\":\"ImageObject\",\"inLanguage\":\"en-US\",\"@id\":\"https:\/\/www.portobellocapital.es\/en\/iv-vitalia-jardin-reunion\/#primaryimage\",\"url\":\"https:\/\/www.portobellocapital.es\/wp-content\/uploads\/2017\/06\/Vitalia_-acto1junio-1.jpg\",\"contentUrl\":\"https:\/\/www.portobellocapital.es\/wp-content\/uploads\/2017\/06\/Vitalia_-acto1junio-1.jpg\",\"width\":1362,\"height\":1926},{\"@type\":\"BreadcrumbList\",\"@id\":\"https:\/\/www.portobellocapital.es\/en\/iv-vitalia-jardin-reunion\/#breadcrumb\",\"itemListElement\":[{\"@type\":\"ListItem\",\"position\":1,\"name\":\"Portada\",\"item\":\"https:\/\/www.portobellocapital.es\/en\/\"},{\"@type\":\"ListItem\",\"position\":2,\"name\":\"IV Vitalia Jard\u00edn Reunion\"}]},{\"@type\":\"WebSite\",\"@id\":\"https:\/\/www.portobellocapital.es\/en\/#website\",\"url\":\"https:\/\/www.portobellocapital.es\/en\/\",\"name\":\"Portobello\",\"description\":\"\",\"publisher\":{\"@id\":\"https:\/\/www.portobellocapital.es\/en\/#organization\"},\"potentialAction\":[{\"@type\":\"SearchAction\",\"target\":{\"@type\":\"EntryPoint\",\"urlTemplate\":\"https:\/\/www.portobellocapital.es\/en\/?s={search_term_string}\"},\"query-input\":\"required name=search_term_string\"}],\"inLanguage\":\"en-US\"},{\"@type\":\"Organization\",\"@id\":\"https:\/\/www.portobellocapital.es\/en\/#organization\",\"name\":\"Portobello Capital\",\"url\":\"https:\/\/www.portobellocapital.es\/en\/\",\"logo\":{\"@type\":\"ImageObject\",\"inLanguage\":\"en-US\",\"@id\":\"https:\/\/www.portobellocapital.es\/en\/#\/schema\/logo\/image\/\",\"url\":\"http:\/\/www.portobellocapital.es\/wp-content\/uploads\/2020\/09\/favicon_Portobello.jpg\",\"contentUrl\":\"http:\/\/www.portobellocapital.es\/wp-content\/uploads\/2020\/09\/favicon_Portobello.jpg\",\"width\":512,\"height\":512,\"caption\":\"Portobello Capital\"},\"image\":{\"@id\":\"https:\/\/www.portobellocapital.es\/en\/#\/schema\/logo\/image\/\"}},{\"@type\":\"Person\",\"@id\":\"https:\/\/www.portobellocapital.es\/en\/#\/schema\/person\/489ba2603b154a3b8bd88e89606ab7d8\",\"name\":\"jaime\",\"image\":{\"@type\":\"ImageObject\",\"inLanguage\":\"en-US\",\"@id\":\"https:\/\/www.portobellocapital.es\/en\/#\/schema\/person\/image\/\",\"url\":\"https:\/\/secure.gravatar.com\/avatar\/b75378ffd334929e907c5a8ef673937d?s=96&d=mm&r=g\",\"contentUrl\":\"https:\/\/secure.gravatar.com\/avatar\/b75378ffd334929e907c5a8ef673937d?s=96&d=mm&r=g\",\"caption\":\"jaime\"}}]}<\/script>\n<!-- \/ Yoast SEO plugin. -->","yoast_head_json":{"title":"IV Vitalia Jard\u00edn Reunion &#8212; Portobello","robots":{"index":"index","follow":"follow","max-snippet":"max-snippet:-1","max-image-preview":"max-image-preview:large","max-video-preview":"max-video-preview:-1"},"canonical":"https:\/\/www.portobellocapital.es\/en\/iv-vitalia-jardin-reunion\/","og_locale":"en_US","og_type":"article","og_title":"IV Vitalia Jard\u00edn Reunion &#8212; Portobello","og_description":"Fundaci\u00f3n Vitalia has organized an event at its Vitalia Jard\u00edn de Burgos center where topics such as the new residential care models (in which the company is currently working) and new techniques of non-pharmacological treatments in dementias have been addressed.","og_url":"https:\/\/www.portobellocapital.es\/en\/iv-vitalia-jardin-reunion\/","og_site_name":"Portobello","article_published_time":"2017-06-01T10:54:02+00:00","article_modified_time":"2023-06-12T10:28:34+00:00","og_image":[{"url":"http:\/\/www.portobellocapital.es\/wp-content\/uploads\/2017\/06\/Vitalia_-acto1junio-1.jpg"}],"author":"jaime","twitter_card":"summary_large_image","twitter_misc":{"Written by":"jaime"},"schema":{"@context":"https:\/\/schema.org","@graph":[{"@type":"Article","@id":"https:\/\/www.portobellocapital.es\/en\/iv-vitalia-jardin-reunion\/#article","isPartOf":{"@id":"https:\/\/www.portobellocapital.es\/en\/iv-vitalia-jardin-reunion\/"},"author":{"name":"jaime","@id":"https:\/\/www.portobellocapital.es\/en\/#\/schema\/person\/489ba2603b154a3b8bd88e89606ab7d8"},"headline":"IV Vitalia Jard\u00edn Reunion","datePublished":"2017-06-01T10:54:02+00:00","dateModified":"2023-06-12T10:28:34+00:00","mainEntityOfPage":{"@id":"https:\/\/www.portobellocapital.es\/en\/iv-vitalia-jardin-reunion\/"},"wordCount":75,"publisher":{"@id":"https:\/\/www.portobellocapital.es\/en\/#organization"},"image":{"@id":"https:\/\/www.portobellocapital.es\/en\/iv-vitalia-jardin-reunion\/#primaryimage"},"thumbnailUrl":"http:\/\/www.portobellocapital.es\/wp-content\/uploads\/2017\/06\/Vitalia_-acto1junio-1.jpg","inLanguage":"en-US"},{"@type":"WebPage","@id":"https:\/\/www.portobellocapital.es\/en\/iv-vitalia-jardin-reunion\/","url":"https:\/\/www.portobellocapital.es\/en\/iv-vitalia-jardin-reunion\/","name":"IV Vitalia Jard\u00edn Reunion &#8212; Portobello","isPartOf":{"@id":"https:\/\/www.portobellocapital.es\/en\/#website"},"primaryImageOfPage":{"@id":"https:\/\/www.portobellocapital.es\/en\/iv-vitalia-jardin-reunion\/#primaryimage"},"image":{"@id":"https:\/\/www.portobellocapital.es\/en\/iv-vitalia-jardin-reunion\/#primaryimage"},"thumbnailUrl":"http:\/\/www.portobellocapital.es\/wp-content\/uploads\/2017\/06\/Vitalia_-acto1junio-1.jpg","datePublished":"2017-06-01T10:54:02+00:00","dateModified":"2023-06-12T10:28:34+00:00","breadcrumb":{"@id":"https:\/\/www.portobellocapital.es\/en\/iv-vitalia-jardin-reunion\/#breadcrumb"},"inLanguage":"en-US","potentialAction":[{"@type":"ReadAction","target":["https:\/\/www.portobellocapital.es\/en\/iv-vitalia-jardin-reunion\/"]}]},{"@type":"ImageObject","inLanguage":"en-US","@id":"https:\/\/www.portobellocapital.es\/en\/iv-vitalia-jardin-reunion\/#primaryimage","url":"https:\/\/www.portobellocapital.es\/wp-content\/uploads\/2017\/06\/Vitalia_-acto1junio-1.jpg","contentUrl":"https:\/\/www.portobellocapital.es\/wp-content\/uploads\/2017\/06\/Vitalia_-acto1junio-1.jpg","width":1362,"height":1926},{"@type":"BreadcrumbList","@id":"https:\/\/www.portobellocapital.es\/en\/iv-vitalia-jardin-reunion\/#breadcrumb","itemListElement":[{"@type":"ListItem","position":1,"name":"Portada","item":"https:\/\/www.portobellocapital.es\/en\/"},{"@type":"ListItem","position":2,"name":"IV Vitalia Jard\u00edn Reunion"}]},{"@type":"WebSite","@id":"https:\/\/www.portobellocapital.es\/en\/#website","url":"https:\/\/www.portobellocapital.es\/en\/","name":"Portobello","description":"","publisher":{"@id":"https:\/\/www.portobellocapital.es\/en\/#organization"},"potentialAction":[{"@type":"SearchAction","target":{"@type":"EntryPoint","urlTemplate":"https:\/\/www.portobellocapital.es\/en\/?s={search_term_string}"},"query-input":"required name=search_term_string"}],"inLanguage":"en-US"},{"@type":"Organization","@id":"https:\/\/www.portobellocapital.es\/en\/#organization","name":"Portobello Capital","url":"https:\/\/www.portobellocapital.es\/en\/","logo":{"@type":"ImageObject","inLanguage":"en-US","@id":"https:\/\/www.portobellocapital.es\/en\/#\/schema\/logo\/image\/","url":"http:\/\/www.portobellocapital.es\/wp-content\/uploads\/2020\/09\/favicon_Portobello.jpg","contentUrl":"http:\/\/www.portobellocapital.es\/wp-content\/uploads\/2020\/09\/favicon_Portobello.jpg","width":512,"height":512,"caption":"Portobello Capital"},"image":{"@id":"https:\/\/www.portobellocapital.es\/en\/#\/schema\/logo\/image\/"}},{"@type":"Person","@id":"https:\/\/www.portobellocapital.es\/en\/#\/schema\/person\/489ba2603b154a3b8bd88e89606ab7d8","name":"jaime","image":{"@type":"ImageObject","inLanguage":"en-US","@id":"https:\/\/www.portobellocapital.es\/en\/#\/schema\/person\/image\/","url":"https:\/\/secure.gravatar.com\/avatar\/b75378ffd334929e907c5a8ef673937d?s=96&d=mm&r=g","contentUrl":"https:\/\/secure.gravatar.com\/avatar\/b75378ffd334929e907c5a8ef673937d?s=96&d=mm&r=g","caption":"jaime"}}]}},"_links":{"self":[{"href":"https:\/\/www.portobellocapital.es\/en\/wp-json\/wp\/v2\/posts\/12028"}],"collection":[{"href":"https:\/\/www.portobellocapital.es\/en\/wp-json\/wp\/v2\/posts"}],"about":[{"href":"https:\/\/www.portobellocapital.es\/en\/wp-json\/wp\/v2\/types\/post"}],"author":[{"embeddable":true,"href":"https:\/\/www.portobellocapital.es\/en\/wp-json\/wp\/v2\/users\/2"}],"replies":[{"embeddable":true,"href":"https:\/\/www.portobellocapital.es\/en\/wp-json\/wp\/v2\/comments?post=12028"}],"version-history":[{"count":1,"href":"https:\/\/www.portobellocapital.es\/en\/wp-json\/wp\/v2\/posts\/12028\/revisions"}],"predecessor-version":[{"id":16210,"href":"https:\/\/www.portobellocapital.es\/en\/wp-json\/wp\/v2\/posts\/12028\/revisions\/16210"}],"wp:attachment":[{"href":"https:\/\/www.portobellocapital.es\/en\/wp-json\/wp\/v2\/media?parent=12028"}],"wp:term":[{"taxonomy":"category","embeddable":true,"href":"https:\/\/www.portobellocapital.es\/en\/wp-json\/wp\/v2\/categories?post=12028"},{"taxonomy":"post_tag","embeddable":true,"href":"https:\/\/www.portobellocapital.es\/en\/wp-json\/wp\/v2\/tags?post=12028"}],"curies":[{"name":"wp","href":"https:\/\/api.w.org\/{rel}","templated":true}]}}